{"id":4277,"date":"2025-04-26T13:14:48","date_gmt":"2025-04-26T11:14:48","guid":{"rendered":"https:\/\/www.plamarcell.cat\/web\/?p=4277"},"modified":"2025-10-03T16:29:42","modified_gmt":"2025-10-03T14:29:42","slug":"setmana-de-les-lletres-i-les-arts","status":"publish","type":"post","link":"https:\/\/www.plamarcell.cat\/web\/setmana-de-les-lletres-i-les-arts\/","title":{"rendered":"Setmana de les Lletres i les Arts"},"content":{"rendered":"\n<p>Com cada any, la setmana de Sant Jordi s&#8217;omple de poesia i colors a l&#8217;institut. Dimarts vam comen\u00e7ar la <strong>Setmana de les Lletres i les Arts<\/strong>, que enguany est\u00e0 dedicada al mar. \u00c9s per aix\u00f2 que l&#8217;alumnat de l&#8217;optativa d&#8217;art ha <strong>decorat<\/strong> el vest\u00edbul amb unes onades que ens fan somniar en viatges mar enll\u00e0, i que l&#8217;alumnat de 1r d&#8217;ESO est\u00e0 immers en la creaci\u00f3 d&#8217;uns fant\u00e0stics <strong>diorames<\/strong> que han donat vida als poemes que han llegit i interpretat, aix\u00ed com en l&#8217;aventura d&#8217;<strong>el quarto dels trastos<\/strong>, que els portar\u00e0 a explorar a fons el recurs de la personificaci\u00f3 en poesia. A 2n d&#8217;ESO han estat indagant la seva relaci\u00f3 amb el mar i expressant-se a partir dels <strong>tallers de rap realitzats amb Erol Urb\u00e0<\/strong>, i actualment estan treballant els poemes sonors. A 3r, estan treballant en la <strong>creaci\u00f3 i la programaci\u00f3 teatral<\/strong>, i a 4t tenen com a objectiu donar veu a autors silenciats amb les <strong>Paraules del silenci<\/strong>.&nbsp;<\/p>\n\n\n\n<p>Pel que fa a les lleng\u00fces estrangeres, tenim el <strong>taller &#8220;THE BOX&#8221;<\/strong>, a 1r d&#8217;ESO, i els concursos de primer cicle: <strong>The bee contest<\/strong> i <strong>Spelling contest<\/strong>. A 2n cicle destaquen el <strong>PM series<\/strong> i els tallers de <strong>Inside Google<\/strong>, a 4t.&nbsp;<\/p>\n\n\n\n<p>Finalment, dilluns farem la cloenda de la setmana amb una pel\u00b7l\u00edcula relacionada amb el tema, una franja de tallers m\u00e9s art\u00edstics i l&#8217;<strong>acte de lliurament de premis<\/strong> al TAC.<\/p>\n\n\n\n<p>Esperem que els joves de l&#8217;institut gaudeixin de les propostes, i que els serveixin per aprendre molt i per estimar una mica m\u00e9s la literatura i l&#8217;art.<\/p>\n\n\n\n<div class=\"wp-block-columns is-layout-flex wp-container-core-columns-is-layout-9d6595d7 wp-block-columns-is-layout-flex\">\n<div class=\"wp-block-column is-layout-flow wp-block-column-is-layout-flow\" style=\"flex-basis:100%\">\n<figure class=\"wp-block-gallery has-nested-images columns-2 is-cropped wp-block-gallery-1 is-layout-flex wp-block-gallery-is-layout-flex\">\n<figure class=\"wp-block-image size-full\"><img loading=\"lazy\" decoding=\"async\" width=\"1000\" height=\"667\" data-id=\"4287\" src=\"https:\/\/www.plamarcell.cat\/web\/wp-content\/uploads\/2025\/04\/OP-20250425_145137-1.jpg\" alt=\"\" class=\"wp-image-4287\" srcset=\"https:\/\/www.plamarcell.cat\/web\/wp-content\/uploads\/2025\/04\/OP-20250425_145137-1.jpg 1000w, https:\/\/www.plamarcell.cat\/web\/wp-content\/uploads\/2025\/04\/OP-20250425_145137-1-300x200.jpg 300w, https:\/\/www.plamarcell.cat\/web\/wp-content\/uploads\/2025\/04\/OP-20250425_145137-1-768x512.jpg 768w, https:\/\/www.plamarcell.cat\/web\/wp-content\/uploads\/2025\/04\/OP-20250425_145137-1-705x470.jpg 705w\" sizes=\"auto, (max-width: 1000px) 100vw, 1000px\" \/><\/figure>\n\n\n\n<figure class=\"wp-block-image size-full\"><img loading=\"lazy\" decoding=\"async\" width=\"1000\" height=\"667\" data-id=\"4285\" src=\"https:\/\/www.plamarcell.cat\/web\/wp-content\/uploads\/2025\/04\/OP-20250425_144851-1.jpg\" alt=\"\" class=\"wp-image-4285\" srcset=\"https:\/\/www.plamarcell.cat\/web\/wp-content\/uploads\/2025\/04\/OP-20250425_144851-1.jpg 1000w, https:\/\/www.plamarcell.cat\/web\/wp-content\/uploads\/2025\/04\/OP-20250425_144851-1-300x200.jpg 300w, https:\/\/www.plamarcell.cat\/web\/wp-content\/uploads\/2025\/04\/OP-20250425_144851-1-768x512.jpg 768w, https:\/\/www.plamarcell.cat\/web\/wp-content\/uploads\/2025\/04\/OP-20250425_144851-1-705x470.jpg 705w\" sizes=\"auto, (max-width: 1000px) 100vw, 1000px\" \/><\/figure>\n\n\n\n<figure class=\"wp-block-image size-full\"><img loading=\"lazy\" decoding=\"async\" width=\"1000\" height=\"667\" data-id=\"4290\" src=\"https:\/\/www.plamarcell.cat\/web\/wp-content\/uploads\/2025\/04\/OP-20250425_144903-1.jpg\" alt=\"\" class=\"wp-image-4290\" srcset=\"https:\/\/www.plamarcell.cat\/web\/wp-content\/uploads\/2025\/04\/OP-20250425_144903-1.jpg 1000w, https:\/\/www.plamarcell.cat\/web\/wp-content\/uploads\/2025\/04\/OP-20250425_144903-1-300x200.jpg 300w, https:\/\/www.plamarcell.cat\/web\/wp-content\/uploads\/2025\/04\/OP-20250425_144903-1-768x512.jpg 768w, https:\/\/www.plamarcell.cat\/web\/wp-content\/uploads\/2025\/04\/OP-20250425_144903-1-705x470.jpg 705w\" sizes=\"auto, (max-width: 1000px) 100vw, 1000px\" \/><\/figure>\n\n\n\n<figure class=\"wp-block-image size-full\"><img loading=\"lazy\" decoding=\"async\" width=\"1000\" height=\"667\" data-id=\"4286\" src=\"https:\/\/www.plamarcell.cat\/web\/wp-content\/uploads\/2025\/04\/OP-20250425_145119-1.jpg\" alt=\"\" class=\"wp-image-4286\" srcset=\"https:\/\/www.plamarcell.cat\/web\/wp-content\/uploads\/2025\/04\/OP-20250425_145119-1.jpg 1000w, https:\/\/www.plamarcell.cat\/web\/wp-content\/uploads\/2025\/04\/OP-20250425_145119-1-300x200.jpg 300w, https:\/\/www.plamarcell.cat\/web\/wp-content\/uploads\/2025\/04\/OP-20250425_145119-1-768x512.jpg 768w, https:\/\/www.plamarcell.cat\/web\/wp-content\/uploads\/2025\/04\/OP-20250425_145119-1-705x470.jpg 705w\" sizes=\"auto, (max-width: 1000px) 100vw, 1000px\" \/><\/figure>\n\n\n\n<figure class=\"wp-block-image size-full\"><img loading=\"lazy\" decoding=\"async\" width=\"1000\" height=\"667\" data-id=\"4288\" src=\"https:\/\/www.plamarcell.cat\/web\/wp-content\/uploads\/2025\/04\/OP-20250425_145125-1.jpg\" alt=\"\" class=\"wp-image-4288\" srcset=\"https:\/\/www.plamarcell.cat\/web\/wp-content\/uploads\/2025\/04\/OP-20250425_145125-1.jpg 1000w, https:\/\/www.plamarcell.cat\/web\/wp-content\/uploads\/2025\/04\/OP-20250425_145125-1-300x200.jpg 300w, https:\/\/www.plamarcell.cat\/web\/wp-content\/uploads\/2025\/04\/OP-20250425_145125-1-768x512.jpg 768w, https:\/\/www.plamarcell.cat\/web\/wp-content\/uploads\/2025\/04\/OP-20250425_145125-1-705x470.jpg 705w\" sizes=\"auto, (max-width: 1000px) 100vw, 1000px\" \/><\/figure>\n\n\n\n<figure class=\"wp-block-image size-full\"><img loading=\"lazy\" decoding=\"async\" width=\"1000\" height=\"667\" data-id=\"4289\" src=\"https:\/\/www.plamarcell.cat\/web\/wp-content\/uploads\/2025\/04\/OP-WhatsApp-Image-2025-04-24-at-20.19.01-1.jpg\" alt=\"\" class=\"wp-image-4289\" srcset=\"https:\/\/www.plamarcell.cat\/web\/wp-content\/uploads\/2025\/04\/OP-WhatsApp-Image-2025-04-24-at-20.19.01-1.jpg 1000w, https:\/\/www.plamarcell.cat\/web\/wp-content\/uploads\/2025\/04\/OP-WhatsApp-Image-2025-04-24-at-20.19.01-1-300x200.jpg 300w, https:\/\/www.plamarcell.cat\/web\/wp-content\/uploads\/2025\/04\/OP-WhatsApp-Image-2025-04-24-at-20.19.01-1-768x512.jpg 768w, https:\/\/www.plamarcell.cat\/web\/wp-content\/uploads\/2025\/04\/OP-WhatsApp-Image-2025-04-24-at-20.19.01-1-705x470.jpg 705w\" sizes=\"auto, (max-width: 1000px) 100vw, 1000px\" \/><\/figure>\n<\/figure>\n<\/div>\n<\/div>\n","protected":false},"excerpt":{"rendered":"<p>Com cada any, la setmana de Sant Jordi s&#8217;omple de poesia i colors a l&#8217;institut. Dimarts vam comen\u00e7ar la Setmana de les Lletres i les Arts, que enguany est\u00e0 dedicada al mar. \u00c9s per aix\u00f2 que l&#8217;alumnat de l&#8217;optativa d&#8217;art ha decorat el vest\u00edbul amb unes onades que ens fan somniar en viatges mar enll\u00e0, [&hellip;]<\/p>\n","protected":false},"author":1,"featured_media":4287,"comment_status":"closed","ping_status":"closed","sticky":false,"template":"","format":"standard","meta":{"footnotes":"","jetpack_publicize_message":"","jetpack_publicize_feature_enabled":true,"jetpack_social_post_already_shared":false,"jetpack_social_options":{"image_generator_settings":{"template":"highway","default_image_id":0,"font":"","enabled":false},"version":2}},"categories":[32,21],"tags":[],"class_list":["post-4277","post","type-post","status-publish","format-standard","has-post-thumbnail","hentry","category-eso","category-pagina-dinici"],"yoast_head":"<!-- This site is optimized with the Yoast SEO plugin v27.4 - https:\/\/yoast.com\/product\/yoast-seo-wordpress\/ -->\n<title>Setmana de les Lletres i les Arts - Institut Pla Marcell<\/title>\n<meta name=\"robots\" content=\"index, follow, max-snippet:-1, max-image-preview:large, max-video-preview:-1\" \/>\n<link rel=\"canonical\" href=\"https:\/\/www.plamarcell.cat\/web\/setmana-de-les-lletres-i-les-arts\/\" \/>\n<meta property=\"og:locale\" content=\"ca_ES\" \/>\n<meta property=\"og:type\" content=\"article\" \/>\n<meta property=\"og:title\" content=\"Setmana de les Lletres i les Arts - Institut Pla Marcell\" \/>\n<meta property=\"og:description\" content=\"Com cada any, la setmana de Sant Jordi s&#8217;omple de poesia i colors a l&#8217;institut. Dimarts vam comen\u00e7ar la Setmana de les Lletres i les Arts, que enguany est\u00e0 dedicada al mar. \u00c9s per aix\u00f2 que l&#8217;alumnat de l&#8217;optativa d&#8217;art ha decorat el vest\u00edbul amb unes onades que ens fan somniar en viatges mar enll\u00e0, [&hellip;]\" \/>\n<meta property=\"og:url\" content=\"https:\/\/www.plamarcell.cat\/web\/setmana-de-les-lletres-i-les-arts\/\" \/>\n<meta property=\"og:site_name\" content=\"Institut Pla Marcell\" \/>\n<meta property=\"article:published_time\" content=\"2025-04-26T11:14:48+00:00\" \/>\n<meta property=\"article:modified_time\" content=\"2025-10-03T14:29:42+00:00\" \/>\n<meta property=\"og:image\" content=\"https:\/\/www.plamarcell.cat\/web\/wp-content\/uploads\/2025\/04\/OP-20250425_145137-1.jpg\" \/>\n\t<meta property=\"og:image:width\" content=\"1000\" \/>\n\t<meta property=\"og:image:height\" content=\"667\" \/>\n\t<meta property=\"og:image:type\" content=\"image\/jpeg\" \/>\n<meta name=\"author\" content=\"f1c2b02a1225\" \/>\n<meta name=\"twitter:card\" content=\"summary_large_image\" \/>\n<meta name=\"twitter:label1\" content=\"Escrit per\" \/>\n\t<meta name=\"twitter:data1\" content=\"f1c2b02a1225\" \/>\n\t<meta name=\"twitter:label2\" content=\"Temps estimat de lectura\" \/>\n\t<meta name=\"twitter:data2\" content=\"3 minuts\" \/>\n<script type=\"application\/ld+json\" class=\"yoast-schema-graph\">{\"@context\":\"https:\\\/\\\/schema.org\",\"@graph\":[{\"@type\":\"Article\",\"@id\":\"https:\\\/\\\/www.plamarcell.cat\\\/web\\\/setmana-de-les-lletres-i-les-arts\\\/#article\",\"isPartOf\":{\"@id\":\"https:\\\/\\\/www.plamarcell.cat\\\/web\\\/setmana-de-les-lletres-i-les-arts\\\/\"},\"author\":{\"name\":\"f1c2b02a1225\",\"@id\":\"https:\\\/\\\/www.plamarcell.cat\\\/web\\\/#\\\/schema\\\/person\\\/6faa91fae89974b76b20b7702d1920da\"},\"headline\":\"Setmana de les Lletres i les Arts\",\"datePublished\":\"2025-04-26T11:14:48+00:00\",\"dateModified\":\"2025-10-03T14:29:42+00:00\",\"mainEntityOfPage\":{\"@id\":\"https:\\\/\\\/www.plamarcell.cat\\\/web\\\/setmana-de-les-lletres-i-les-arts\\\/\"},\"wordCount\":292,\"publisher\":{\"@id\":\"https:\\\/\\\/www.plamarcell.cat\\\/web\\\/#organization\"},\"image\":{\"@id\":\"https:\\\/\\\/www.plamarcell.cat\\\/web\\\/setmana-de-les-lletres-i-les-arts\\\/#primaryimage\"},\"thumbnailUrl\":\"https:\\\/\\\/www.plamarcell.cat\\\/web\\\/wp-content\\\/uploads\\\/2025\\\/04\\\/OP-20250425_145137-1.jpg\",\"articleSection\":[\"ESO\",\"P\u00e0gina d'inici\"],\"inLanguage\":\"ca\"},{\"@type\":\"WebPage\",\"@id\":\"https:\\\/\\\/www.plamarcell.cat\\\/web\\\/setmana-de-les-lletres-i-les-arts\\\/\",\"url\":\"https:\\\/\\\/www.plamarcell.cat\\\/web\\\/setmana-de-les-lletres-i-les-arts\\\/\",\"name\":\"Setmana de les Lletres i les Arts - Institut Pla Marcell\",\"isPartOf\":{\"@id\":\"https:\\\/\\\/www.plamarcell.cat\\\/web\\\/#website\"},\"primaryImageOfPage\":{\"@id\":\"https:\\\/\\\/www.plamarcell.cat\\\/web\\\/setmana-de-les-lletres-i-les-arts\\\/#primaryimage\"},\"image\":{\"@id\":\"https:\\\/\\\/www.plamarcell.cat\\\/web\\\/setmana-de-les-lletres-i-les-arts\\\/#primaryimage\"},\"thumbnailUrl\":\"https:\\\/\\\/www.plamarcell.cat\\\/web\\\/wp-content\\\/uploads\\\/2025\\\/04\\\/OP-20250425_145137-1.jpg\",\"datePublished\":\"2025-04-26T11:14:48+00:00\",\"dateModified\":\"2025-10-03T14:29:42+00:00\",\"breadcrumb\":{\"@id\":\"https:\\\/\\\/www.plamarcell.cat\\\/web\\\/setmana-de-les-lletres-i-les-arts\\\/#breadcrumb\"},\"inLanguage\":\"ca\",\"potentialAction\":[{\"@type\":\"ReadAction\",\"target\":[\"https:\\\/\\\/www.plamarcell.cat\\\/web\\\/setmana-de-les-lletres-i-les-arts\\\/\"]}]},{\"@type\":\"ImageObject\",\"inLanguage\":\"ca\",\"@id\":\"https:\\\/\\\/www.plamarcell.cat\\\/web\\\/setmana-de-les-lletres-i-les-arts\\\/#primaryimage\",\"url\":\"https:\\\/\\\/www.plamarcell.cat\\\/web\\\/wp-content\\\/uploads\\\/2025\\\/04\\\/OP-20250425_145137-1.jpg\",\"contentUrl\":\"https:\\\/\\\/www.plamarcell.cat\\\/web\\\/wp-content\\\/uploads\\\/2025\\\/04\\\/OP-20250425_145137-1.jpg\",\"width\":1000,\"height\":667,\"caption\":\"Institut Pla Marcell - Cardedeu - Setmana de les lletres i les arts\"},{\"@type\":\"BreadcrumbList\",\"@id\":\"https:\\\/\\\/www.plamarcell.cat\\\/web\\\/setmana-de-les-lletres-i-les-arts\\\/#breadcrumb\",\"itemListElement\":[{\"@type\":\"ListItem\",\"position\":1,\"name\":\"Inici\",\"item\":\"https:\\\/\\\/www.plamarcell.cat\\\/web\\\/\"},{\"@type\":\"ListItem\",\"position\":2,\"name\":\"Setmana de les Lletres i les Arts\"}]},{\"@type\":\"WebSite\",\"@id\":\"https:\\\/\\\/www.plamarcell.cat\\\/web\\\/#website\",\"url\":\"https:\\\/\\\/www.plamarcell.cat\\\/web\\\/\",\"name\":\"Institut Pla Marcell\",\"description\":\"Decidir, conviure i aprendre\",\"publisher\":{\"@id\":\"https:\\\/\\\/www.plamarcell.cat\\\/web\\\/#organization\"},\"potentialAction\":[{\"@type\":\"SearchAction\",\"target\":{\"@type\":\"EntryPoint\",\"urlTemplate\":\"https:\\\/\\\/www.plamarcell.cat\\\/web\\\/?s={search_term_string}\"},\"query-input\":{\"@type\":\"PropertyValueSpecification\",\"valueRequired\":true,\"valueName\":\"search_term_string\"}}],\"inLanguage\":\"ca\"},{\"@type\":\"Organization\",\"@id\":\"https:\\\/\\\/www.plamarcell.cat\\\/web\\\/#organization\",\"name\":\"Institut Pla Marcell\",\"url\":\"https:\\\/\\\/www.plamarcell.cat\\\/web\\\/\",\"logo\":{\"@type\":\"ImageObject\",\"inLanguage\":\"ca\",\"@id\":\"https:\\\/\\\/www.plamarcell.cat\\\/web\\\/#\\\/schema\\\/logo\\\/image\\\/\",\"url\":\"https:\\\/\\\/www.plamarcell.cat\\\/web\\\/wp-content\\\/uploads\\\/2025\\\/03\\\/ima-Logo-header-1.png\",\"contentUrl\":\"https:\\\/\\\/www.plamarcell.cat\\\/web\\\/wp-content\\\/uploads\\\/2025\\\/03\\\/ima-Logo-header-1.png\",\"width\":1200,\"height\":700,\"caption\":\"Institut Pla Marcell\"},\"image\":{\"@id\":\"https:\\\/\\\/www.plamarcell.cat\\\/web\\\/#\\\/schema\\\/logo\\\/image\\\/\"},\"sameAs\":[\"https:\\\/\\\/www.instagram.com\\\/pla.marcell\\\/\"]},{\"@type\":\"Person\",\"@id\":\"https:\\\/\\\/www.plamarcell.cat\\\/web\\\/#\\\/schema\\\/person\\\/6faa91fae89974b76b20b7702d1920da\",\"name\":\"f1c2b02a1225\",\"image\":{\"@type\":\"ImageObject\",\"inLanguage\":\"ca\",\"@id\":\"https:\\\/\\\/secure.gravatar.com\\\/avatar\\\/5b488f4f1a77d45180bbae5938ab699df692d0c9f43fa4ebd195ac2b5c4678bd?s=96&d=mm&r=g\",\"url\":\"https:\\\/\\\/secure.gravatar.com\\\/avatar\\\/5b488f4f1a77d45180bbae5938ab699df692d0c9f43fa4ebd195ac2b5c4678bd?s=96&d=mm&r=g\",\"contentUrl\":\"https:\\\/\\\/secure.gravatar.com\\\/avatar\\\/5b488f4f1a77d45180bbae5938ab699df692d0c9f43fa4ebd195ac2b5c4678bd?s=96&d=mm&r=g\",\"caption\":\"f1c2b02a1225\"},\"sameAs\":[\"http:\\\/\\\/plamarcell.com.mialias.net\"],\"url\":\"https:\\\/\\\/www.plamarcell.cat\\\/web\\\/author\\\/f1c2b02a1225\\\/\"}]}<\/script>\n<!-- \/ Yoast SEO plugin. -->","yoast_head_json":{"title":"Setmana de les Lletres i les Arts - Institut Pla Marcell","robots":{"index":"index","follow":"follow","max-snippet":"max-snippet:-1","max-image-preview":"max-image-preview:large","max-video-preview":"max-video-preview:-1"},"canonical":"https:\/\/www.plamarcell.cat\/web\/setmana-de-les-lletres-i-les-arts\/","og_locale":"ca_ES","og_type":"article","og_title":"Setmana de les Lletres i les Arts - Institut Pla Marcell","og_description":"Com cada any, la setmana de Sant Jordi s&#8217;omple de poesia i colors a l&#8217;institut. Dimarts vam comen\u00e7ar la Setmana de les Lletres i les Arts, que enguany est\u00e0 dedicada al mar. \u00c9s per aix\u00f2 que l&#8217;alumnat de l&#8217;optativa d&#8217;art ha decorat el vest\u00edbul amb unes onades que ens fan somniar en viatges mar enll\u00e0, [&hellip;]","og_url":"https:\/\/www.plamarcell.cat\/web\/setmana-de-les-lletres-i-les-arts\/","og_site_name":"Institut Pla Marcell","article_published_time":"2025-04-26T11:14:48+00:00","article_modified_time":"2025-10-03T14:29:42+00:00","og_image":[{"width":1000,"height":667,"url":"https:\/\/www.plamarcell.cat\/web\/wp-content\/uploads\/2025\/04\/OP-20250425_145137-1.jpg","type":"image\/jpeg"}],"author":"f1c2b02a1225","twitter_card":"summary_large_image","twitter_misc":{"Escrit per":"f1c2b02a1225","Temps estimat de lectura":"3 minuts"},"schema":{"@context":"https:\/\/schema.org","@graph":[{"@type":"Article","@id":"https:\/\/www.plamarcell.cat\/web\/setmana-de-les-lletres-i-les-arts\/#article","isPartOf":{"@id":"https:\/\/www.plamarcell.cat\/web\/setmana-de-les-lletres-i-les-arts\/"},"author":{"name":"f1c2b02a1225","@id":"https:\/\/www.plamarcell.cat\/web\/#\/schema\/person\/6faa91fae89974b76b20b7702d1920da"},"headline":"Setmana de les Lletres i les Arts","datePublished":"2025-04-26T11:14:48+00:00","dateModified":"2025-10-03T14:29:42+00:00","mainEntityOfPage":{"@id":"https:\/\/www.plamarcell.cat\/web\/setmana-de-les-lletres-i-les-arts\/"},"wordCount":292,"publisher":{"@id":"https:\/\/www.plamarcell.cat\/web\/#organization"},"image":{"@id":"https:\/\/www.plamarcell.cat\/web\/setmana-de-les-lletres-i-les-arts\/#primaryimage"},"thumbnailUrl":"https:\/\/www.plamarcell.cat\/web\/wp-content\/uploads\/2025\/04\/OP-20250425_145137-1.jpg","articleSection":["ESO","P\u00e0gina d'inici"],"inLanguage":"ca"},{"@type":"WebPage","@id":"https:\/\/www.plamarcell.cat\/web\/setmana-de-les-lletres-i-les-arts\/","url":"https:\/\/www.plamarcell.cat\/web\/setmana-de-les-lletres-i-les-arts\/","name":"Setmana de les Lletres i les Arts - Institut Pla Marcell","isPartOf":{"@id":"https:\/\/www.plamarcell.cat\/web\/#website"},"primaryImageOfPage":{"@id":"https:\/\/www.plamarcell.cat\/web\/setmana-de-les-lletres-i-les-arts\/#primaryimage"},"image":{"@id":"https:\/\/www.plamarcell.cat\/web\/setmana-de-les-lletres-i-les-arts\/#primaryimage"},"thumbnailUrl":"https:\/\/www.plamarcell.cat\/web\/wp-content\/uploads\/2025\/04\/OP-20250425_145137-1.jpg","datePublished":"2025-04-26T11:14:48+00:00","dateModified":"2025-10-03T14:29:42+00:00","breadcrumb":{"@id":"https:\/\/www.plamarcell.cat\/web\/setmana-de-les-lletres-i-les-arts\/#breadcrumb"},"inLanguage":"ca","potentialAction":[{"@type":"ReadAction","target":["https:\/\/www.plamarcell.cat\/web\/setmana-de-les-lletres-i-les-arts\/"]}]},{"@type":"ImageObject","inLanguage":"ca","@id":"https:\/\/www.plamarcell.cat\/web\/setmana-de-les-lletres-i-les-arts\/#primaryimage","url":"https:\/\/www.plamarcell.cat\/web\/wp-content\/uploads\/2025\/04\/OP-20250425_145137-1.jpg","contentUrl":"https:\/\/www.plamarcell.cat\/web\/wp-content\/uploads\/2025\/04\/OP-20250425_145137-1.jpg","width":1000,"height":667,"caption":"Institut Pla Marcell - Cardedeu - Setmana de les lletres i les arts"},{"@type":"BreadcrumbList","@id":"https:\/\/www.plamarcell.cat\/web\/setmana-de-les-lletres-i-les-arts\/#breadcrumb","itemListElement":[{"@type":"ListItem","position":1,"name":"Inici","item":"https:\/\/www.plamarcell.cat\/web\/"},{"@type":"ListItem","position":2,"name":"Setmana de les Lletres i les Arts"}]},{"@type":"WebSite","@id":"https:\/\/www.plamarcell.cat\/web\/#website","url":"https:\/\/www.plamarcell.cat\/web\/","name":"Institut Pla Marcell","description":"Decidir, conviure i aprendre","publisher":{"@id":"https:\/\/www.plamarcell.cat\/web\/#organization"},"potentialAction":[{"@type":"SearchAction","target":{"@type":"EntryPoint","urlTemplate":"https:\/\/www.plamarcell.cat\/web\/?s={search_term_string}"},"query-input":{"@type":"PropertyValueSpecification","valueRequired":true,"valueName":"search_term_string"}}],"inLanguage":"ca"},{"@type":"Organization","@id":"https:\/\/www.plamarcell.cat\/web\/#organization","name":"Institut Pla Marcell","url":"https:\/\/www.plamarcell.cat\/web\/","logo":{"@type":"ImageObject","inLanguage":"ca","@id":"https:\/\/www.plamarcell.cat\/web\/#\/schema\/logo\/image\/","url":"https:\/\/www.plamarcell.cat\/web\/wp-content\/uploads\/2025\/03\/ima-Logo-header-1.png","contentUrl":"https:\/\/www.plamarcell.cat\/web\/wp-content\/uploads\/2025\/03\/ima-Logo-header-1.png","width":1200,"height":700,"caption":"Institut Pla Marcell"},"image":{"@id":"https:\/\/www.plamarcell.cat\/web\/#\/schema\/logo\/image\/"},"sameAs":["https:\/\/www.instagram.com\/pla.marcell\/"]},{"@type":"Person","@id":"https:\/\/www.plamarcell.cat\/web\/#\/schema\/person\/6faa91fae89974b76b20b7702d1920da","name":"f1c2b02a1225","image":{"@type":"ImageObject","inLanguage":"ca","@id":"https:\/\/secure.gravatar.com\/avatar\/5b488f4f1a77d45180bbae5938ab699df692d0c9f43fa4ebd195ac2b5c4678bd?s=96&d=mm&r=g","url":"https:\/\/secure.gravatar.com\/avatar\/5b488f4f1a77d45180bbae5938ab699df692d0c9f43fa4ebd195ac2b5c4678bd?s=96&d=mm&r=g","contentUrl":"https:\/\/secure.gravatar.com\/avatar\/5b488f4f1a77d45180bbae5938ab699df692d0c9f43fa4ebd195ac2b5c4678bd?s=96&d=mm&r=g","caption":"f1c2b02a1225"},"sameAs":["http:\/\/plamarcell.com.mialias.net"],"url":"https:\/\/www.plamarcell.cat\/web\/author\/f1c2b02a1225\/"}]}},"jetpack_publicize_connections":[],"_links":{"self":[{"href":"https:\/\/www.plamarcell.cat\/web\/wp-json\/wp\/v2\/posts\/4277","targetHints":{"allow":["GET"]}}],"collection":[{"href":"https:\/\/www.plamarcell.cat\/web\/wp-json\/wp\/v2\/posts"}],"about":[{"href":"https:\/\/www.plamarcell.cat\/web\/wp-json\/wp\/v2\/types\/post"}],"author":[{"embeddable":true,"href":"https:\/\/www.plamarcell.cat\/web\/wp-json\/wp\/v2\/users\/1"}],"replies":[{"embeddable":true,"href":"https:\/\/www.plamarcell.cat\/web\/wp-json\/wp\/v2\/comments?post=4277"}],"version-history":[{"count":3,"href":"https:\/\/www.plamarcell.cat\/web\/wp-json\/wp\/v2\/posts\/4277\/revisions"}],"predecessor-version":[{"id":4295,"href":"https:\/\/www.plamarcell.cat\/web\/wp-json\/wp\/v2\/posts\/4277\/revisions\/4295"}],"wp:featuredmedia":[{"embeddable":true,"href":"https:\/\/www.plamarcell.cat\/web\/wp-json\/wp\/v2\/media\/4287"}],"wp:attachment":[{"href":"https:\/\/www.plamarcell.cat\/web\/wp-json\/wp\/v2\/media?parent=4277"}],"wp:term":[{"taxonomy":"category","embeddable":true,"href":"https:\/\/www.plamarcell.cat\/web\/wp-json\/wp\/v2\/categories?post=4277"},{"taxonomy":"post_tag","embeddable":true,"href":"https:\/\/www.plamarcell.cat\/web\/wp-json\/wp\/v2\/tags?post=4277"}],"curies":[{"name":"wp","href":"https:\/\/api.w.org\/{rel}","templated":true}]}}