{"id":4336,"date":"2025-05-12T11:50:41","date_gmt":"2025-05-12T09:50:41","guid":{"rendered":"https:\/\/www.plamarcell.cat\/web\/?p=4336"},"modified":"2025-10-03T16:30:48","modified_gmt":"2025-10-03T14:30:48","slug":"com-sona-leso","status":"publish","type":"post","link":"https:\/\/www.plamarcell.cat\/web\/com-sona-leso\/","title":{"rendered":"Com sona l&#8217;ESO"},"content":{"rendered":"\n<p>El nostre alumnat ha participat a la trobada anual d\u2019alumnat i professorat de m\u00fasica d\u2019instituts p\u00fablics de secund\u00e0ria on, durant quatre dies, han conviscut per portar a escena, en directe, un teatre musical de gran nivell.<br>Aquest teatre musical \u00e9s una obra d\u2019estrena que durant molts mesos el nostre alumnat prepara en el Bloc d\u2019Aprenentatge amb la Mar i en Javier.<br>M\u00e9s de 1500 alumnes cantant i ballant conjuntament, una emoci\u00f3 que posa els p\u00e8ls de punta.<br>Uns dies de conviv\u00e8ncia, noves amistats, aprenentatges musicals, corporals i coreografies inoblidables.<\/p>\n\n\n\n<p>Gr\u00e0cies equip!!!!<\/p>\n\n\n\n<figure class=\"wp-block-gallery has-nested-images columns-2 is-cropped wp-block-gallery-1 is-layout-flex wp-block-gallery-is-layout-flex\">\n<figure class=\"wp-block-image size-full\"><img loading=\"lazy\" decoding=\"async\" width=\"2048\" height=\"1536\" data-id=\"4347\" src=\"https:\/\/www.plamarcell.cat\/web\/wp-content\/uploads\/2025\/05\/IMG-20250510-WA0020.jpg\" alt=\"\" class=\"wp-image-4347\" srcset=\"https:\/\/www.plamarcell.cat\/web\/wp-content\/uploads\/2025\/05\/IMG-20250510-WA0020.jpg 2048w, https:\/\/www.plamarcell.cat\/web\/wp-content\/uploads\/2025\/05\/IMG-20250510-WA0020-300x225.jpg 300w, https:\/\/www.plamarcell.cat\/web\/wp-content\/uploads\/2025\/05\/IMG-20250510-WA0020-1030x773.jpg 1030w, https:\/\/www.plamarcell.cat\/web\/wp-content\/uploads\/2025\/05\/IMG-20250510-WA0020-768x576.jpg 768w, https:\/\/www.plamarcell.cat\/web\/wp-content\/uploads\/2025\/05\/IMG-20250510-WA0020-1536x1152.jpg 1536w, https:\/\/www.plamarcell.cat\/web\/wp-content\/uploads\/2025\/05\/IMG-20250510-WA0020-1500x1125.jpg 1500w, https:\/\/www.plamarcell.cat\/web\/wp-content\/uploads\/2025\/05\/IMG-20250510-WA0020-705x529.jpg 705w\" sizes=\"auto, (max-width: 2048px) 100vw, 2048px\" \/><\/figure>\n\n\n\n<figure class=\"wp-block-image size-full\"><img loading=\"lazy\" decoding=\"async\" width=\"2048\" height=\"1536\" data-id=\"4348\" src=\"https:\/\/www.plamarcell.cat\/web\/wp-content\/uploads\/2025\/05\/IMG-20250510-WA0022.jpg\" alt=\"\" class=\"wp-image-4348\" srcset=\"https:\/\/www.plamarcell.cat\/web\/wp-content\/uploads\/2025\/05\/IMG-20250510-WA0022.jpg 2048w, https:\/\/www.plamarcell.cat\/web\/wp-content\/uploads\/2025\/05\/IMG-20250510-WA0022-300x225.jpg 300w, https:\/\/www.plamarcell.cat\/web\/wp-content\/uploads\/2025\/05\/IMG-20250510-WA0022-1030x773.jpg 1030w, https:\/\/www.plamarcell.cat\/web\/wp-content\/uploads\/2025\/05\/IMG-20250510-WA0022-768x576.jpg 768w, https:\/\/www.plamarcell.cat\/web\/wp-content\/uploads\/2025\/05\/IMG-20250510-WA0022-1536x1152.jpg 1536w, https:\/\/www.plamarcell.cat\/web\/wp-content\/uploads\/2025\/05\/IMG-20250510-WA0022-1500x1125.jpg 1500w, https:\/\/www.plamarcell.cat\/web\/wp-content\/uploads\/2025\/05\/IMG-20250510-WA0022-705x529.jpg 705w\" sizes=\"auto, (max-width: 2048px) 100vw, 2048px\" \/><\/figure>\n\n\n\n<figure class=\"wp-block-image size-full\"><img loading=\"lazy\" decoding=\"async\" width=\"2048\" height=\"1536\" data-id=\"4346\" src=\"https:\/\/www.plamarcell.cat\/web\/wp-content\/uploads\/2025\/05\/IMG-20250510-WA0019.jpg\" alt=\"\" class=\"wp-image-4346\" srcset=\"https:\/\/www.plamarcell.cat\/web\/wp-content\/uploads\/2025\/05\/IMG-20250510-WA0019.jpg 2048w, https:\/\/www.plamarcell.cat\/web\/wp-content\/uploads\/2025\/05\/IMG-20250510-WA0019-300x225.jpg 300w, https:\/\/www.plamarcell.cat\/web\/wp-content\/uploads\/2025\/05\/IMG-20250510-WA0019-1030x773.jpg 1030w, https:\/\/www.plamarcell.cat\/web\/wp-content\/uploads\/2025\/05\/IMG-20250510-WA0019-768x576.jpg 768w, https:\/\/www.plamarcell.cat\/web\/wp-content\/uploads\/2025\/05\/IMG-20250510-WA0019-1536x1152.jpg 1536w, https:\/\/www.plamarcell.cat\/web\/wp-content\/uploads\/2025\/05\/IMG-20250510-WA0019-1500x1125.jpg 1500w, https:\/\/www.plamarcell.cat\/web\/wp-content\/uploads\/2025\/05\/IMG-20250510-WA0019-705x529.jpg 705w\" sizes=\"auto, (max-width: 2048px) 100vw, 2048px\" \/><\/figure>\n<\/figure>\n","protected":false},"excerpt":{"rendered":"<p>El nostre alumnat ha participat a la trobada anual d\u2019alumnat i professorat de m\u00fasica d\u2019instituts p\u00fablics de secund\u00e0ria on, durant quatre dies, han conviscut per portar a escena, en directe, un teatre musical de gran nivell.Aquest teatre musical \u00e9s una obra d\u2019estrena que durant molts mesos el nostre alumnat prepara en el Bloc d\u2019Aprenentatge amb [&hellip;]<\/p>\n","protected":false},"author":1,"featured_media":4344,"comment_status":"closed","ping_status":"closed","sticky":false,"template":"","format":"standard","meta":{"footnotes":"","jetpack_publicize_message":"","jetpack_publicize_feature_enabled":true,"jetpack_social_post_already_shared":false,"jetpack_social_options":{"image_generator_settings":{"template":"highway","default_image_id":0,"font":"","enabled":false},"version":2}},"categories":[32,21],"tags":[25,27],"class_list":["post-4336","post","type-post","status-publish","format-standard","has-post-thumbnail","hentry","category-eso","category-pagina-dinici","tag-eso","tag-projecte-com-sona-leso"],"yoast_head":"<!-- This site is optimized with the Yoast SEO plugin v27.4 - https:\/\/yoast.com\/product\/yoast-seo-wordpress\/ -->\n<title>Com sona l&#039;ESO - Institut Pla Marcell<\/title>\n<meta name=\"robots\" content=\"index, follow, max-snippet:-1, max-image-preview:large, max-video-preview:-1\" \/>\n<link rel=\"canonical\" href=\"https:\/\/www.plamarcell.cat\/web\/com-sona-leso\/\" \/>\n<meta property=\"og:locale\" content=\"ca_ES\" \/>\n<meta property=\"og:type\" content=\"article\" \/>\n<meta property=\"og:title\" content=\"Com sona l&#039;ESO - Institut Pla Marcell\" \/>\n<meta property=\"og:description\" content=\"El nostre alumnat ha participat a la trobada anual d\u2019alumnat i professorat de m\u00fasica d\u2019instituts p\u00fablics de secund\u00e0ria on, durant quatre dies, han conviscut per portar a escena, en directe, un teatre musical de gran nivell.Aquest teatre musical \u00e9s una obra d\u2019estrena que durant molts mesos el nostre alumnat prepara en el Bloc d\u2019Aprenentatge amb [&hellip;]\" \/>\n<meta property=\"og:url\" content=\"https:\/\/www.plamarcell.cat\/web\/com-sona-leso\/\" \/>\n<meta property=\"og:site_name\" content=\"Institut Pla Marcell\" \/>\n<meta property=\"article:published_time\" content=\"2025-05-12T09:50:41+00:00\" \/>\n<meta property=\"article:modified_time\" content=\"2025-10-03T14:30:48+00:00\" \/>\n<meta property=\"og:image\" content=\"https:\/\/www.plamarcell.cat\/web\/wp-content\/uploads\/2025\/05\/IMG-20250510-WA0017-1.jpg\" \/>\n\t<meta property=\"og:image:width\" content=\"1600\" \/>\n\t<meta property=\"og:image:height\" content=\"1200\" \/>\n\t<meta property=\"og:image:type\" content=\"image\/jpeg\" \/>\n<meta name=\"author\" content=\"f1c2b02a1225\" \/>\n<meta name=\"twitter:card\" content=\"summary_large_image\" \/>\n<meta name=\"twitter:label1\" content=\"Escrit per\" \/>\n\t<meta name=\"twitter:data1\" content=\"f1c2b02a1225\" \/>\n\t<meta name=\"twitter:label2\" content=\"Temps estimat de lectura\" \/>\n\t<meta name=\"twitter:data2\" content=\"1 minut\" \/>\n<script type=\"application\/ld+json\" class=\"yoast-schema-graph\">{\"@context\":\"https:\\\/\\\/schema.org\",\"@graph\":[{\"@type\":\"Article\",\"@id\":\"https:\\\/\\\/www.plamarcell.cat\\\/web\\\/com-sona-leso\\\/#article\",\"isPartOf\":{\"@id\":\"https:\\\/\\\/www.plamarcell.cat\\\/web\\\/com-sona-leso\\\/\"},\"author\":{\"name\":\"f1c2b02a1225\",\"@id\":\"https:\\\/\\\/www.plamarcell.cat\\\/web\\\/#\\\/schema\\\/person\\\/6faa91fae89974b76b20b7702d1920da\"},\"headline\":\"Com sona l&#8217;ESO\",\"datePublished\":\"2025-05-12T09:50:41+00:00\",\"dateModified\":\"2025-10-03T14:30:48+00:00\",\"mainEntityOfPage\":{\"@id\":\"https:\\\/\\\/www.plamarcell.cat\\\/web\\\/com-sona-leso\\\/\"},\"wordCount\":105,\"publisher\":{\"@id\":\"https:\\\/\\\/www.plamarcell.cat\\\/web\\\/#organization\"},\"image\":{\"@id\":\"https:\\\/\\\/www.plamarcell.cat\\\/web\\\/com-sona-leso\\\/#primaryimage\"},\"thumbnailUrl\":\"https:\\\/\\\/www.plamarcell.cat\\\/web\\\/wp-content\\\/uploads\\\/2025\\\/05\\\/IMG-20250510-WA0017-1.jpg\",\"keywords\":[\"ESO\",\"Projecte Com sona l'ESO\"],\"articleSection\":[\"ESO\",\"P\u00e0gina d'inici\"],\"inLanguage\":\"ca\"},{\"@type\":\"WebPage\",\"@id\":\"https:\\\/\\\/www.plamarcell.cat\\\/web\\\/com-sona-leso\\\/\",\"url\":\"https:\\\/\\\/www.plamarcell.cat\\\/web\\\/com-sona-leso\\\/\",\"name\":\"Com sona l'ESO - Institut Pla Marcell\",\"isPartOf\":{\"@id\":\"https:\\\/\\\/www.plamarcell.cat\\\/web\\\/#website\"},\"primaryImageOfPage\":{\"@id\":\"https:\\\/\\\/www.plamarcell.cat\\\/web\\\/com-sona-leso\\\/#primaryimage\"},\"image\":{\"@id\":\"https:\\\/\\\/www.plamarcell.cat\\\/web\\\/com-sona-leso\\\/#primaryimage\"},\"thumbnailUrl\":\"https:\\\/\\\/www.plamarcell.cat\\\/web\\\/wp-content\\\/uploads\\\/2025\\\/05\\\/IMG-20250510-WA0017-1.jpg\",\"datePublished\":\"2025-05-12T09:50:41+00:00\",\"dateModified\":\"2025-10-03T14:30:48+00:00\",\"breadcrumb\":{\"@id\":\"https:\\\/\\\/www.plamarcell.cat\\\/web\\\/com-sona-leso\\\/#breadcrumb\"},\"inLanguage\":\"ca\",\"potentialAction\":[{\"@type\":\"ReadAction\",\"target\":[\"https:\\\/\\\/www.plamarcell.cat\\\/web\\\/com-sona-leso\\\/\"]}]},{\"@type\":\"ImageObject\",\"inLanguage\":\"ca\",\"@id\":\"https:\\\/\\\/www.plamarcell.cat\\\/web\\\/com-sona-leso\\\/#primaryimage\",\"url\":\"https:\\\/\\\/www.plamarcell.cat\\\/web\\\/wp-content\\\/uploads\\\/2025\\\/05\\\/IMG-20250510-WA0017-1.jpg\",\"contentUrl\":\"https:\\\/\\\/www.plamarcell.cat\\\/web\\\/wp-content\\\/uploads\\\/2025\\\/05\\\/IMG-20250510-WA0017-1.jpg\",\"width\":1600,\"height\":1200,\"caption\":\"Institut Pla Marcell - Cardedeu - Com sona l'ESO\"},{\"@type\":\"BreadcrumbList\",\"@id\":\"https:\\\/\\\/www.plamarcell.cat\\\/web\\\/com-sona-leso\\\/#breadcrumb\",\"itemListElement\":[{\"@type\":\"ListItem\",\"position\":1,\"name\":\"Inici\",\"item\":\"https:\\\/\\\/www.plamarcell.cat\\\/web\\\/\"},{\"@type\":\"ListItem\",\"position\":2,\"name\":\"Com sona l&#8217;ESO\"}]},{\"@type\":\"WebSite\",\"@id\":\"https:\\\/\\\/www.plamarcell.cat\\\/web\\\/#website\",\"url\":\"https:\\\/\\\/www.plamarcell.cat\\\/web\\\/\",\"name\":\"Institut Pla Marcell\",\"description\":\"Decidir, conviure i aprendre\",\"publisher\":{\"@id\":\"https:\\\/\\\/www.plamarcell.cat\\\/web\\\/#organization\"},\"potentialAction\":[{\"@type\":\"SearchAction\",\"target\":{\"@type\":\"EntryPoint\",\"urlTemplate\":\"https:\\\/\\\/www.plamarcell.cat\\\/web\\\/?s={search_term_string}\"},\"query-input\":{\"@type\":\"PropertyValueSpecification\",\"valueRequired\":true,\"valueName\":\"search_term_string\"}}],\"inLanguage\":\"ca\"},{\"@type\":\"Organization\",\"@id\":\"https:\\\/\\\/www.plamarcell.cat\\\/web\\\/#organization\",\"name\":\"Institut Pla Marcell\",\"url\":\"https:\\\/\\\/www.plamarcell.cat\\\/web\\\/\",\"logo\":{\"@type\":\"ImageObject\",\"inLanguage\":\"ca\",\"@id\":\"https:\\\/\\\/www.plamarcell.cat\\\/web\\\/#\\\/schema\\\/logo\\\/image\\\/\",\"url\":\"https:\\\/\\\/www.plamarcell.cat\\\/web\\\/wp-content\\\/uploads\\\/2025\\\/03\\\/ima-Logo-header-1.png\",\"contentUrl\":\"https:\\\/\\\/www.plamarcell.cat\\\/web\\\/wp-content\\\/uploads\\\/2025\\\/03\\\/ima-Logo-header-1.png\",\"width\":1200,\"height\":700,\"caption\":\"Institut Pla Marcell\"},\"image\":{\"@id\":\"https:\\\/\\\/www.plamarcell.cat\\\/web\\\/#\\\/schema\\\/logo\\\/image\\\/\"},\"sameAs\":[\"https:\\\/\\\/www.instagram.com\\\/pla.marcell\\\/\"]},{\"@type\":\"Person\",\"@id\":\"https:\\\/\\\/www.plamarcell.cat\\\/web\\\/#\\\/schema\\\/person\\\/6faa91fae89974b76b20b7702d1920da\",\"name\":\"f1c2b02a1225\",\"image\":{\"@type\":\"ImageObject\",\"inLanguage\":\"ca\",\"@id\":\"https:\\\/\\\/secure.gravatar.com\\\/avatar\\\/5b488f4f1a77d45180bbae5938ab699df692d0c9f43fa4ebd195ac2b5c4678bd?s=96&d=mm&r=g\",\"url\":\"https:\\\/\\\/secure.gravatar.com\\\/avatar\\\/5b488f4f1a77d45180bbae5938ab699df692d0c9f43fa4ebd195ac2b5c4678bd?s=96&d=mm&r=g\",\"contentUrl\":\"https:\\\/\\\/secure.gravatar.com\\\/avatar\\\/5b488f4f1a77d45180bbae5938ab699df692d0c9f43fa4ebd195ac2b5c4678bd?s=96&d=mm&r=g\",\"caption\":\"f1c2b02a1225\"},\"sameAs\":[\"http:\\\/\\\/plamarcell.com.mialias.net\"],\"url\":\"https:\\\/\\\/www.plamarcell.cat\\\/web\\\/author\\\/f1c2b02a1225\\\/\"}]}<\/script>\n<!-- \/ Yoast SEO plugin. -->","yoast_head_json":{"title":"Com sona l'ESO - Institut Pla Marcell","robots":{"index":"index","follow":"follow","max-snippet":"max-snippet:-1","max-image-preview":"max-image-preview:large","max-video-preview":"max-video-preview:-1"},"canonical":"https:\/\/www.plamarcell.cat\/web\/com-sona-leso\/","og_locale":"ca_ES","og_type":"article","og_title":"Com sona l'ESO - Institut Pla Marcell","og_description":"El nostre alumnat ha participat a la trobada anual d\u2019alumnat i professorat de m\u00fasica d\u2019instituts p\u00fablics de secund\u00e0ria on, durant quatre dies, han conviscut per portar a escena, en directe, un teatre musical de gran nivell.Aquest teatre musical \u00e9s una obra d\u2019estrena que durant molts mesos el nostre alumnat prepara en el Bloc d\u2019Aprenentatge amb [&hellip;]","og_url":"https:\/\/www.plamarcell.cat\/web\/com-sona-leso\/","og_site_name":"Institut Pla Marcell","article_published_time":"2025-05-12T09:50:41+00:00","article_modified_time":"2025-10-03T14:30:48+00:00","og_image":[{"width":1600,"height":1200,"url":"https:\/\/www.plamarcell.cat\/web\/wp-content\/uploads\/2025\/05\/IMG-20250510-WA0017-1.jpg","type":"image\/jpeg"}],"author":"f1c2b02a1225","twitter_card":"summary_large_image","twitter_misc":{"Escrit per":"f1c2b02a1225","Temps estimat de lectura":"1 minut"},"schema":{"@context":"https:\/\/schema.org","@graph":[{"@type":"Article","@id":"https:\/\/www.plamarcell.cat\/web\/com-sona-leso\/#article","isPartOf":{"@id":"https:\/\/www.plamarcell.cat\/web\/com-sona-leso\/"},"author":{"name":"f1c2b02a1225","@id":"https:\/\/www.plamarcell.cat\/web\/#\/schema\/person\/6faa91fae89974b76b20b7702d1920da"},"headline":"Com sona l&#8217;ESO","datePublished":"2025-05-12T09:50:41+00:00","dateModified":"2025-10-03T14:30:48+00:00","mainEntityOfPage":{"@id":"https:\/\/www.plamarcell.cat\/web\/com-sona-leso\/"},"wordCount":105,"publisher":{"@id":"https:\/\/www.plamarcell.cat\/web\/#organization"},"image":{"@id":"https:\/\/www.plamarcell.cat\/web\/com-sona-leso\/#primaryimage"},"thumbnailUrl":"https:\/\/www.plamarcell.cat\/web\/wp-content\/uploads\/2025\/05\/IMG-20250510-WA0017-1.jpg","keywords":["ESO","Projecte Com sona l'ESO"],"articleSection":["ESO","P\u00e0gina d'inici"],"inLanguage":"ca"},{"@type":"WebPage","@id":"https:\/\/www.plamarcell.cat\/web\/com-sona-leso\/","url":"https:\/\/www.plamarcell.cat\/web\/com-sona-leso\/","name":"Com sona l'ESO - Institut Pla Marcell","isPartOf":{"@id":"https:\/\/www.plamarcell.cat\/web\/#website"},"primaryImageOfPage":{"@id":"https:\/\/www.plamarcell.cat\/web\/com-sona-leso\/#primaryimage"},"image":{"@id":"https:\/\/www.plamarcell.cat\/web\/com-sona-leso\/#primaryimage"},"thumbnailUrl":"https:\/\/www.plamarcell.cat\/web\/wp-content\/uploads\/2025\/05\/IMG-20250510-WA0017-1.jpg","datePublished":"2025-05-12T09:50:41+00:00","dateModified":"2025-10-03T14:30:48+00:00","breadcrumb":{"@id":"https:\/\/www.plamarcell.cat\/web\/com-sona-leso\/#breadcrumb"},"inLanguage":"ca","potentialAction":[{"@type":"ReadAction","target":["https:\/\/www.plamarcell.cat\/web\/com-sona-leso\/"]}]},{"@type":"ImageObject","inLanguage":"ca","@id":"https:\/\/www.plamarcell.cat\/web\/com-sona-leso\/#primaryimage","url":"https:\/\/www.plamarcell.cat\/web\/wp-content\/uploads\/2025\/05\/IMG-20250510-WA0017-1.jpg","contentUrl":"https:\/\/www.plamarcell.cat\/web\/wp-content\/uploads\/2025\/05\/IMG-20250510-WA0017-1.jpg","width":1600,"height":1200,"caption":"Institut Pla Marcell - Cardedeu - Com sona l'ESO"},{"@type":"BreadcrumbList","@id":"https:\/\/www.plamarcell.cat\/web\/com-sona-leso\/#breadcrumb","itemListElement":[{"@type":"ListItem","position":1,"name":"Inici","item":"https:\/\/www.plamarcell.cat\/web\/"},{"@type":"ListItem","position":2,"name":"Com sona l&#8217;ESO"}]},{"@type":"WebSite","@id":"https:\/\/www.plamarcell.cat\/web\/#website","url":"https:\/\/www.plamarcell.cat\/web\/","name":"Institut Pla Marcell","description":"Decidir, conviure i aprendre","publisher":{"@id":"https:\/\/www.plamarcell.cat\/web\/#organization"},"potentialAction":[{"@type":"SearchAction","target":{"@type":"EntryPoint","urlTemplate":"https:\/\/www.plamarcell.cat\/web\/?s={search_term_string}"},"query-input":{"@type":"PropertyValueSpecification","valueRequired":true,"valueName":"search_term_string"}}],"inLanguage":"ca"},{"@type":"Organization","@id":"https:\/\/www.plamarcell.cat\/web\/#organization","name":"Institut Pla Marcell","url":"https:\/\/www.plamarcell.cat\/web\/","logo":{"@type":"ImageObject","inLanguage":"ca","@id":"https:\/\/www.plamarcell.cat\/web\/#\/schema\/logo\/image\/","url":"https:\/\/www.plamarcell.cat\/web\/wp-content\/uploads\/2025\/03\/ima-Logo-header-1.png","contentUrl":"https:\/\/www.plamarcell.cat\/web\/wp-content\/uploads\/2025\/03\/ima-Logo-header-1.png","width":1200,"height":700,"caption":"Institut Pla Marcell"},"image":{"@id":"https:\/\/www.plamarcell.cat\/web\/#\/schema\/logo\/image\/"},"sameAs":["https:\/\/www.instagram.com\/pla.marcell\/"]},{"@type":"Person","@id":"https:\/\/www.plamarcell.cat\/web\/#\/schema\/person\/6faa91fae89974b76b20b7702d1920da","name":"f1c2b02a1225","image":{"@type":"ImageObject","inLanguage":"ca","@id":"https:\/\/secure.gravatar.com\/avatar\/5b488f4f1a77d45180bbae5938ab699df692d0c9f43fa4ebd195ac2b5c4678bd?s=96&d=mm&r=g","url":"https:\/\/secure.gravatar.com\/avatar\/5b488f4f1a77d45180bbae5938ab699df692d0c9f43fa4ebd195ac2b5c4678bd?s=96&d=mm&r=g","contentUrl":"https:\/\/secure.gravatar.com\/avatar\/5b488f4f1a77d45180bbae5938ab699df692d0c9f43fa4ebd195ac2b5c4678bd?s=96&d=mm&r=g","caption":"f1c2b02a1225"},"sameAs":["http:\/\/plamarcell.com.mialias.net"],"url":"https:\/\/www.plamarcell.cat\/web\/author\/f1c2b02a1225\/"}]}},"jetpack_publicize_connections":[],"_links":{"self":[{"href":"https:\/\/www.plamarcell.cat\/web\/wp-json\/wp\/v2\/posts\/4336","targetHints":{"allow":["GET"]}}],"collection":[{"href":"https:\/\/www.plamarcell.cat\/web\/wp-json\/wp\/v2\/posts"}],"about":[{"href":"https:\/\/www.plamarcell.cat\/web\/wp-json\/wp\/v2\/types\/post"}],"author":[{"embeddable":true,"href":"https:\/\/www.plamarcell.cat\/web\/wp-json\/wp\/v2\/users\/1"}],"replies":[{"embeddable":true,"href":"https:\/\/www.plamarcell.cat\/web\/wp-json\/wp\/v2\/comments?post=4336"}],"version-history":[{"count":7,"href":"https:\/\/www.plamarcell.cat\/web\/wp-json\/wp\/v2\/posts\/4336\/revisions"}],"predecessor-version":[{"id":4359,"href":"https:\/\/www.plamarcell.cat\/web\/wp-json\/wp\/v2\/posts\/4336\/revisions\/4359"}],"wp:featuredmedia":[{"embeddable":true,"href":"https:\/\/www.plamarcell.cat\/web\/wp-json\/wp\/v2\/media\/4344"}],"wp:attachment":[{"href":"https:\/\/www.plamarcell.cat\/web\/wp-json\/wp\/v2\/media?parent=4336"}],"wp:term":[{"taxonomy":"category","embeddable":true,"href":"https:\/\/www.plamarcell.cat\/web\/wp-json\/wp\/v2\/categories?post=4336"},{"taxonomy":"post_tag","embeddable":true,"href":"https:\/\/www.plamarcell.cat\/web\/wp-json\/wp\/v2\/tags?post=4336"}],"curies":[{"name":"wp","href":"https:\/\/api.w.org\/{rel}","templated":true}]}}