{"id":4404,"date":"2025-05-22T20:32:09","date_gmt":"2025-05-22T18:32:09","guid":{"rendered":"https:\/\/www.plamarcell.cat\/web\/?p=4404"},"modified":"2025-10-03T16:31:11","modified_gmt":"2025-10-03T14:31:11","slug":"ajuts-per-a-alumnes-amb-necessitat-especifica-de-suport-educatiu","status":"publish","type":"post","link":"https:\/\/www.plamarcell.cat\/web\/ajuts-per-a-alumnes-amb-necessitat-especifica-de-suport-educatiu\/","title":{"rendered":"Ajuts per a alumnes amb necessitat espec\u00edfica de suport educatiu\u00a0"},"content":{"rendered":"\n<h2 class=\"wp-block-heading\" id=\"h20\">Descripci\u00f3 i modalitats<\/h2>\n\n\n\n<p>Ajuts individualitzats convocats pel \u200bMinisteri d\u2019Educaci\u00f3, Formaci\u00f3 Professional i Esports per a&nbsp;<strong>alumnes amb necessitat espec\u00edfica de suport educatiu.<\/strong><\/p>\n\n\n\n<p>Modalitats dels ajuts:&nbsp;<\/p>\n\n\n\n<ul class=\"wp-block-list\">\n<li>Ajuts i subsidis per a alumnes amb necessitat espec\u00edfica de suport educatiu derivada de<strong>&nbsp;discapacitat o trastorn greu de conducta o trastorn de la comunicaci\u00f3 i el llenguatge o trastorn de l&#8217;espectre autista<\/strong>.<\/li>\n\n\n\n<li>Ajuts i subsidi per a programes complementaris a alumnes amb necessitat espec\u00edfica de suport educatiu associada a&nbsp;<strong>altes capacitats.\u200b\u200b\u200b\u200b<\/strong><\/li>\n<\/ul>\n\n\n\n<p>Tot el proc\u00e9s de sol\u00b7licitud de la beca es fa a trav\u00e9s de la seu electr\u00f2nica del Ministeri d\u2019Educaci\u00f3, Formaci\u00f3 Professional i Esports. Al web del Departament d&#8217;Educaci\u00f3 est\u00e0 tota la informaci\u00f3 per a les fam\u00edlies i els alumnes:\u00a0<a href=\"https:\/\/web.gencat.cat\/ca\/tramits\/tramits-temes\/Ajuts-per-a-alumnes-amb-necessitat-especifica-de-suport-educatiu?category=7449fd1c-a82c-11e3-a972-000c29052e2c\" target=\"_blank\" rel=\"noreferrer noopener\">Ajuts per a alumnes amb necessita\u200b\u200b\u200bt espec\u00edfica de suport educatiu<\/a><\/p>\n\n\n\n<p>A difer\u00e8ncia de les convocat\u00f2ries anteriors, la&nbsp;<strong>sol\u00b7licitud no s\u2019ha de lliurar al centre educatiu<\/strong>. La sol\u00b7licitud es considera presentada en emplenar el formulari en l\u00ednia i obtenir el resguard de presentaci\u00f3.\u200b<\/p>\n\n\n\n<p><strong>\u200bTermini per presentar la sol\u00b7licitud:&nbsp;del&nbsp;30 d&#8217;abril fins a l&#8217;11&nbsp;de setembre de&nbsp;2025<\/strong><\/p>\n\n\n\n<p><\/p>\n","protected":false},"excerpt":{"rendered":"<p>Descripci\u00f3 i modalitats Ajuts individualitzats convocats pel \u200bMinisteri d\u2019Educaci\u00f3, Formaci\u00f3 Professional i Esports per a&nbsp;alumnes amb necessitat espec\u00edfica de suport educatiu. Modalitats dels ajuts:&nbsp; Tot el proc\u00e9s de sol\u00b7licitud de la beca es fa a trav\u00e9s de la seu electr\u00f2nica del Ministeri d\u2019Educaci\u00f3, Formaci\u00f3 Professional i Esports. Al web del Departament d&#8217;Educaci\u00f3 est\u00e0 tota la [&hellip;]<\/p>\n","protected":false},"author":1,"featured_media":4409,"comment_status":"closed","ping_status":"closed","sticky":false,"template":"","format":"standard","meta":{"footnotes":"","jetpack_publicize_message":"","jetpack_publicize_feature_enabled":true,"jetpack_social_post_already_shared":false,"jetpack_social_options":{"image_generator_settings":{"template":"highway","default_image_id":0,"font":"","enabled":false},"version":2}},"categories":[32,21,28],"tags":[29,25],"class_list":["post-4404","post","type-post","status-publish","format-standard","has-post-thumbnail","hentry","category-eso","category-pagina-dinici","category-pagina-de-secretaria","tag-ajuts-alumnes-nese","tag-eso"],"yoast_head":"<!-- This site is optimized with the Yoast SEO plugin v27.4 - https:\/\/yoast.com\/product\/yoast-seo-wordpress\/ -->\n<title>Ajuts per a alumnes amb necessitat espec\u00edfica de suport educatiu\u00a0 - Institut Pla Marcell<\/title>\n<meta name=\"robots\" content=\"index, follow, max-snippet:-1, max-image-preview:large, max-video-preview:-1\" \/>\n<link rel=\"canonical\" href=\"https:\/\/www.plamarcell.cat\/web\/ajuts-per-a-alumnes-amb-necessitat-especifica-de-suport-educatiu\/\" \/>\n<meta property=\"og:locale\" content=\"ca_ES\" \/>\n<meta property=\"og:type\" content=\"article\" \/>\n<meta property=\"og:title\" content=\"Ajuts per a alumnes amb necessitat espec\u00edfica de suport educatiu\u00a0 - Institut Pla Marcell\" \/>\n<meta property=\"og:description\" content=\"Descripci\u00f3 i modalitats Ajuts individualitzats convocats pel \u200bMinisteri d\u2019Educaci\u00f3, Formaci\u00f3 Professional i Esports per a&nbsp;alumnes amb necessitat espec\u00edfica de suport educatiu. Modalitats dels ajuts:&nbsp; Tot el proc\u00e9s de sol\u00b7licitud de la beca es fa a trav\u00e9s de la seu electr\u00f2nica del Ministeri d\u2019Educaci\u00f3, Formaci\u00f3 Professional i Esports. Al web del Departament d&#8217;Educaci\u00f3 est\u00e0 tota la [&hellip;]\" \/>\n<meta property=\"og:url\" content=\"https:\/\/www.plamarcell.cat\/web\/ajuts-per-a-alumnes-amb-necessitat-especifica-de-suport-educatiu\/\" \/>\n<meta property=\"og:site_name\" content=\"Institut Pla Marcell\" \/>\n<meta property=\"article:published_time\" content=\"2025-05-22T18:32:09+00:00\" \/>\n<meta property=\"article:modified_time\" content=\"2025-10-03T14:31:11+00:00\" \/>\n<meta property=\"og:image\" content=\"https:\/\/www.plamarcell.cat\/web\/wp-content\/uploads\/2025\/05\/beques-ajuts-scaled.jpg\" \/>\n\t<meta property=\"og:image:width\" content=\"2560\" \/>\n\t<meta property=\"og:image:height\" content=\"1076\" \/>\n\t<meta property=\"og:image:type\" content=\"image\/jpeg\" \/>\n<meta name=\"author\" content=\"f1c2b02a1225\" \/>\n<meta name=\"twitter:card\" content=\"summary_large_image\" \/>\n<meta name=\"twitter:label1\" content=\"Escrit per\" \/>\n\t<meta name=\"twitter:data1\" content=\"f1c2b02a1225\" \/>\n\t<meta name=\"twitter:label2\" content=\"Temps estimat de lectura\" \/>\n\t<meta name=\"twitter:data2\" content=\"1 minut\" \/>\n<script type=\"application\/ld+json\" class=\"yoast-schema-graph\">{\"@context\":\"https:\\\/\\\/schema.org\",\"@graph\":[{\"@type\":\"Article\",\"@id\":\"https:\\\/\\\/www.plamarcell.cat\\\/web\\\/ajuts-per-a-alumnes-amb-necessitat-especifica-de-suport-educatiu\\\/#article\",\"isPartOf\":{\"@id\":\"https:\\\/\\\/www.plamarcell.cat\\\/web\\\/ajuts-per-a-alumnes-amb-necessitat-especifica-de-suport-educatiu\\\/\"},\"author\":{\"name\":\"f1c2b02a1225\",\"@id\":\"https:\\\/\\\/www.plamarcell.cat\\\/web\\\/#\\\/schema\\\/person\\\/6faa91fae89974b76b20b7702d1920da\"},\"headline\":\"Ajuts per a alumnes amb necessitat espec\u00edfica de suport educatiu\u00a0\",\"datePublished\":\"2025-05-22T18:32:09+00:00\",\"dateModified\":\"2025-10-03T14:31:11+00:00\",\"mainEntityOfPage\":{\"@id\":\"https:\\\/\\\/www.plamarcell.cat\\\/web\\\/ajuts-per-a-alumnes-amb-necessitat-especifica-de-suport-educatiu\\\/\"},\"wordCount\":213,\"publisher\":{\"@id\":\"https:\\\/\\\/www.plamarcell.cat\\\/web\\\/#organization\"},\"image\":{\"@id\":\"https:\\\/\\\/www.plamarcell.cat\\\/web\\\/ajuts-per-a-alumnes-amb-necessitat-especifica-de-suport-educatiu\\\/#primaryimage\"},\"thumbnailUrl\":\"https:\\\/\\\/www.plamarcell.cat\\\/web\\\/wp-content\\\/uploads\\\/2025\\\/05\\\/beques-ajuts-scaled.jpg\",\"keywords\":[\"AJUTS ALUMNES NESE\",\"ESO\"],\"articleSection\":[\"ESO\",\"P\u00e0gina d'inici\",\"P\u00e0gina de secretaria\"],\"inLanguage\":\"ca\"},{\"@type\":\"WebPage\",\"@id\":\"https:\\\/\\\/www.plamarcell.cat\\\/web\\\/ajuts-per-a-alumnes-amb-necessitat-especifica-de-suport-educatiu\\\/\",\"url\":\"https:\\\/\\\/www.plamarcell.cat\\\/web\\\/ajuts-per-a-alumnes-amb-necessitat-especifica-de-suport-educatiu\\\/\",\"name\":\"Ajuts per a alumnes amb necessitat espec\u00edfica de suport educatiu\u00a0 - Institut Pla Marcell\",\"isPartOf\":{\"@id\":\"https:\\\/\\\/www.plamarcell.cat\\\/web\\\/#website\"},\"primaryImageOfPage\":{\"@id\":\"https:\\\/\\\/www.plamarcell.cat\\\/web\\\/ajuts-per-a-alumnes-amb-necessitat-especifica-de-suport-educatiu\\\/#primaryimage\"},\"image\":{\"@id\":\"https:\\\/\\\/www.plamarcell.cat\\\/web\\\/ajuts-per-a-alumnes-amb-necessitat-especifica-de-suport-educatiu\\\/#primaryimage\"},\"thumbnailUrl\":\"https:\\\/\\\/www.plamarcell.cat\\\/web\\\/wp-content\\\/uploads\\\/2025\\\/05\\\/beques-ajuts-scaled.jpg\",\"datePublished\":\"2025-05-22T18:32:09+00:00\",\"dateModified\":\"2025-10-03T14:31:11+00:00\",\"breadcrumb\":{\"@id\":\"https:\\\/\\\/www.plamarcell.cat\\\/web\\\/ajuts-per-a-alumnes-amb-necessitat-especifica-de-suport-educatiu\\\/#breadcrumb\"},\"inLanguage\":\"ca\",\"potentialAction\":[{\"@type\":\"ReadAction\",\"target\":[\"https:\\\/\\\/www.plamarcell.cat\\\/web\\\/ajuts-per-a-alumnes-amb-necessitat-especifica-de-suport-educatiu\\\/\"]}]},{\"@type\":\"ImageObject\",\"inLanguage\":\"ca\",\"@id\":\"https:\\\/\\\/www.plamarcell.cat\\\/web\\\/ajuts-per-a-alumnes-amb-necessitat-especifica-de-suport-educatiu\\\/#primaryimage\",\"url\":\"https:\\\/\\\/www.plamarcell.cat\\\/web\\\/wp-content\\\/uploads\\\/2025\\\/05\\\/beques-ajuts-scaled.jpg\",\"contentUrl\":\"https:\\\/\\\/www.plamarcell.cat\\\/web\\\/wp-content\\\/uploads\\\/2025\\\/05\\\/beques-ajuts-scaled.jpg\",\"width\":2560,\"height\":1076,\"caption\":\"Institut Pla Marcell - Cardedeu - Ajuts NESE 25\"},{\"@type\":\"BreadcrumbList\",\"@id\":\"https:\\\/\\\/www.plamarcell.cat\\\/web\\\/ajuts-per-a-alumnes-amb-necessitat-especifica-de-suport-educatiu\\\/#breadcrumb\",\"itemListElement\":[{\"@type\":\"ListItem\",\"position\":1,\"name\":\"Inici\",\"item\":\"https:\\\/\\\/www.plamarcell.cat\\\/web\\\/\"},{\"@type\":\"ListItem\",\"position\":2,\"name\":\"Ajuts per a alumnes amb necessitat espec\u00edfica de suport educatiu\u00a0\"}]},{\"@type\":\"WebSite\",\"@id\":\"https:\\\/\\\/www.plamarcell.cat\\\/web\\\/#website\",\"url\":\"https:\\\/\\\/www.plamarcell.cat\\\/web\\\/\",\"name\":\"Institut Pla Marcell\",\"description\":\"Decidir, conviure i aprendre\",\"publisher\":{\"@id\":\"https:\\\/\\\/www.plamarcell.cat\\\/web\\\/#organization\"},\"potentialAction\":[{\"@type\":\"SearchAction\",\"target\":{\"@type\":\"EntryPoint\",\"urlTemplate\":\"https:\\\/\\\/www.plamarcell.cat\\\/web\\\/?s={search_term_string}\"},\"query-input\":{\"@type\":\"PropertyValueSpecification\",\"valueRequired\":true,\"valueName\":\"search_term_string\"}}],\"inLanguage\":\"ca\"},{\"@type\":\"Organization\",\"@id\":\"https:\\\/\\\/www.plamarcell.cat\\\/web\\\/#organization\",\"name\":\"Institut Pla Marcell\",\"url\":\"https:\\\/\\\/www.plamarcell.cat\\\/web\\\/\",\"logo\":{\"@type\":\"ImageObject\",\"inLanguage\":\"ca\",\"@id\":\"https:\\\/\\\/www.plamarcell.cat\\\/web\\\/#\\\/schema\\\/logo\\\/image\\\/\",\"url\":\"https:\\\/\\\/www.plamarcell.cat\\\/web\\\/wp-content\\\/uploads\\\/2025\\\/03\\\/ima-Logo-header-1.png\",\"contentUrl\":\"https:\\\/\\\/www.plamarcell.cat\\\/web\\\/wp-content\\\/uploads\\\/2025\\\/03\\\/ima-Logo-header-1.png\",\"width\":1200,\"height\":700,\"caption\":\"Institut Pla Marcell\"},\"image\":{\"@id\":\"https:\\\/\\\/www.plamarcell.cat\\\/web\\\/#\\\/schema\\\/logo\\\/image\\\/\"},\"sameAs\":[\"https:\\\/\\\/www.instagram.com\\\/pla.marcell\\\/\"]},{\"@type\":\"Person\",\"@id\":\"https:\\\/\\\/www.plamarcell.cat\\\/web\\\/#\\\/schema\\\/person\\\/6faa91fae89974b76b20b7702d1920da\",\"name\":\"f1c2b02a1225\",\"image\":{\"@type\":\"ImageObject\",\"inLanguage\":\"ca\",\"@id\":\"https:\\\/\\\/secure.gravatar.com\\\/avatar\\\/5b488f4f1a77d45180bbae5938ab699df692d0c9f43fa4ebd195ac2b5c4678bd?s=96&d=mm&r=g\",\"url\":\"https:\\\/\\\/secure.gravatar.com\\\/avatar\\\/5b488f4f1a77d45180bbae5938ab699df692d0c9f43fa4ebd195ac2b5c4678bd?s=96&d=mm&r=g\",\"contentUrl\":\"https:\\\/\\\/secure.gravatar.com\\\/avatar\\\/5b488f4f1a77d45180bbae5938ab699df692d0c9f43fa4ebd195ac2b5c4678bd?s=96&d=mm&r=g\",\"caption\":\"f1c2b02a1225\"},\"sameAs\":[\"http:\\\/\\\/plamarcell.com.mialias.net\"],\"url\":\"https:\\\/\\\/www.plamarcell.cat\\\/web\\\/author\\\/f1c2b02a1225\\\/\"}]}<\/script>\n<!-- \/ Yoast SEO plugin. -->","yoast_head_json":{"title":"Ajuts per a alumnes amb necessitat espec\u00edfica de suport educatiu\u00a0 - Institut Pla Marcell","robots":{"index":"index","follow":"follow","max-snippet":"max-snippet:-1","max-image-preview":"max-image-preview:large","max-video-preview":"max-video-preview:-1"},"canonical":"https:\/\/www.plamarcell.cat\/web\/ajuts-per-a-alumnes-amb-necessitat-especifica-de-suport-educatiu\/","og_locale":"ca_ES","og_type":"article","og_title":"Ajuts per a alumnes amb necessitat espec\u00edfica de suport educatiu\u00a0 - Institut Pla Marcell","og_description":"Descripci\u00f3 i modalitats Ajuts individualitzats convocats pel \u200bMinisteri d\u2019Educaci\u00f3, Formaci\u00f3 Professional i Esports per a&nbsp;alumnes amb necessitat espec\u00edfica de suport educatiu. Modalitats dels ajuts:&nbsp; Tot el proc\u00e9s de sol\u00b7licitud de la beca es fa a trav\u00e9s de la seu electr\u00f2nica del Ministeri d\u2019Educaci\u00f3, Formaci\u00f3 Professional i Esports. Al web del Departament d&#8217;Educaci\u00f3 est\u00e0 tota la [&hellip;]","og_url":"https:\/\/www.plamarcell.cat\/web\/ajuts-per-a-alumnes-amb-necessitat-especifica-de-suport-educatiu\/","og_site_name":"Institut Pla Marcell","article_published_time":"2025-05-22T18:32:09+00:00","article_modified_time":"2025-10-03T14:31:11+00:00","og_image":[{"width":2560,"height":1076,"url":"https:\/\/www.plamarcell.cat\/web\/wp-content\/uploads\/2025\/05\/beques-ajuts-scaled.jpg","type":"image\/jpeg"}],"author":"f1c2b02a1225","twitter_card":"summary_large_image","twitter_misc":{"Escrit per":"f1c2b02a1225","Temps estimat de lectura":"1 minut"},"schema":{"@context":"https:\/\/schema.org","@graph":[{"@type":"Article","@id":"https:\/\/www.plamarcell.cat\/web\/ajuts-per-a-alumnes-amb-necessitat-especifica-de-suport-educatiu\/#article","isPartOf":{"@id":"https:\/\/www.plamarcell.cat\/web\/ajuts-per-a-alumnes-amb-necessitat-especifica-de-suport-educatiu\/"},"author":{"name":"f1c2b02a1225","@id":"https:\/\/www.plamarcell.cat\/web\/#\/schema\/person\/6faa91fae89974b76b20b7702d1920da"},"headline":"Ajuts per a alumnes amb necessitat espec\u00edfica de suport educatiu\u00a0","datePublished":"2025-05-22T18:32:09+00:00","dateModified":"2025-10-03T14:31:11+00:00","mainEntityOfPage":{"@id":"https:\/\/www.plamarcell.cat\/web\/ajuts-per-a-alumnes-amb-necessitat-especifica-de-suport-educatiu\/"},"wordCount":213,"publisher":{"@id":"https:\/\/www.plamarcell.cat\/web\/#organization"},"image":{"@id":"https:\/\/www.plamarcell.cat\/web\/ajuts-per-a-alumnes-amb-necessitat-especifica-de-suport-educatiu\/#primaryimage"},"thumbnailUrl":"https:\/\/www.plamarcell.cat\/web\/wp-content\/uploads\/2025\/05\/beques-ajuts-scaled.jpg","keywords":["AJUTS ALUMNES NESE","ESO"],"articleSection":["ESO","P\u00e0gina d'inici","P\u00e0gina de secretaria"],"inLanguage":"ca"},{"@type":"WebPage","@id":"https:\/\/www.plamarcell.cat\/web\/ajuts-per-a-alumnes-amb-necessitat-especifica-de-suport-educatiu\/","url":"https:\/\/www.plamarcell.cat\/web\/ajuts-per-a-alumnes-amb-necessitat-especifica-de-suport-educatiu\/","name":"Ajuts per a alumnes amb necessitat espec\u00edfica de suport educatiu\u00a0 - Institut Pla Marcell","isPartOf":{"@id":"https:\/\/www.plamarcell.cat\/web\/#website"},"primaryImageOfPage":{"@id":"https:\/\/www.plamarcell.cat\/web\/ajuts-per-a-alumnes-amb-necessitat-especifica-de-suport-educatiu\/#primaryimage"},"image":{"@id":"https:\/\/www.plamarcell.cat\/web\/ajuts-per-a-alumnes-amb-necessitat-especifica-de-suport-educatiu\/#primaryimage"},"thumbnailUrl":"https:\/\/www.plamarcell.cat\/web\/wp-content\/uploads\/2025\/05\/beques-ajuts-scaled.jpg","datePublished":"2025-05-22T18:32:09+00:00","dateModified":"2025-10-03T14:31:11+00:00","breadcrumb":{"@id":"https:\/\/www.plamarcell.cat\/web\/ajuts-per-a-alumnes-amb-necessitat-especifica-de-suport-educatiu\/#breadcrumb"},"inLanguage":"ca","potentialAction":[{"@type":"ReadAction","target":["https:\/\/www.plamarcell.cat\/web\/ajuts-per-a-alumnes-amb-necessitat-especifica-de-suport-educatiu\/"]}]},{"@type":"ImageObject","inLanguage":"ca","@id":"https:\/\/www.plamarcell.cat\/web\/ajuts-per-a-alumnes-amb-necessitat-especifica-de-suport-educatiu\/#primaryimage","url":"https:\/\/www.plamarcell.cat\/web\/wp-content\/uploads\/2025\/05\/beques-ajuts-scaled.jpg","contentUrl":"https:\/\/www.plamarcell.cat\/web\/wp-content\/uploads\/2025\/05\/beques-ajuts-scaled.jpg","width":2560,"height":1076,"caption":"Institut Pla Marcell - Cardedeu - Ajuts NESE 25"},{"@type":"BreadcrumbList","@id":"https:\/\/www.plamarcell.cat\/web\/ajuts-per-a-alumnes-amb-necessitat-especifica-de-suport-educatiu\/#breadcrumb","itemListElement":[{"@type":"ListItem","position":1,"name":"Inici","item":"https:\/\/www.plamarcell.cat\/web\/"},{"@type":"ListItem","position":2,"name":"Ajuts per a alumnes amb necessitat espec\u00edfica de suport educatiu\u00a0"}]},{"@type":"WebSite","@id":"https:\/\/www.plamarcell.cat\/web\/#website","url":"https:\/\/www.plamarcell.cat\/web\/","name":"Institut Pla Marcell","description":"Decidir, conviure i aprendre","publisher":{"@id":"https:\/\/www.plamarcell.cat\/web\/#organization"},"potentialAction":[{"@type":"SearchAction","target":{"@type":"EntryPoint","urlTemplate":"https:\/\/www.plamarcell.cat\/web\/?s={search_term_string}"},"query-input":{"@type":"PropertyValueSpecification","valueRequired":true,"valueName":"search_term_string"}}],"inLanguage":"ca"},{"@type":"Organization","@id":"https:\/\/www.plamarcell.cat\/web\/#organization","name":"Institut Pla Marcell","url":"https:\/\/www.plamarcell.cat\/web\/","logo":{"@type":"ImageObject","inLanguage":"ca","@id":"https:\/\/www.plamarcell.cat\/web\/#\/schema\/logo\/image\/","url":"https:\/\/www.plamarcell.cat\/web\/wp-content\/uploads\/2025\/03\/ima-Logo-header-1.png","contentUrl":"https:\/\/www.plamarcell.cat\/web\/wp-content\/uploads\/2025\/03\/ima-Logo-header-1.png","width":1200,"height":700,"caption":"Institut Pla Marcell"},"image":{"@id":"https:\/\/www.plamarcell.cat\/web\/#\/schema\/logo\/image\/"},"sameAs":["https:\/\/www.instagram.com\/pla.marcell\/"]},{"@type":"Person","@id":"https:\/\/www.plamarcell.cat\/web\/#\/schema\/person\/6faa91fae89974b76b20b7702d1920da","name":"f1c2b02a1225","image":{"@type":"ImageObject","inLanguage":"ca","@id":"https:\/\/secure.gravatar.com\/avatar\/5b488f4f1a77d45180bbae5938ab699df692d0c9f43fa4ebd195ac2b5c4678bd?s=96&d=mm&r=g","url":"https:\/\/secure.gravatar.com\/avatar\/5b488f4f1a77d45180bbae5938ab699df692d0c9f43fa4ebd195ac2b5c4678bd?s=96&d=mm&r=g","contentUrl":"https:\/\/secure.gravatar.com\/avatar\/5b488f4f1a77d45180bbae5938ab699df692d0c9f43fa4ebd195ac2b5c4678bd?s=96&d=mm&r=g","caption":"f1c2b02a1225"},"sameAs":["http:\/\/plamarcell.com.mialias.net"],"url":"https:\/\/www.plamarcell.cat\/web\/author\/f1c2b02a1225\/"}]}},"jetpack_publicize_connections":[],"_links":{"self":[{"href":"https:\/\/www.plamarcell.cat\/web\/wp-json\/wp\/v2\/posts\/4404","targetHints":{"allow":["GET"]}}],"collection":[{"href":"https:\/\/www.plamarcell.cat\/web\/wp-json\/wp\/v2\/posts"}],"about":[{"href":"https:\/\/www.plamarcell.cat\/web\/wp-json\/wp\/v2\/types\/post"}],"author":[{"embeddable":true,"href":"https:\/\/www.plamarcell.cat\/web\/wp-json\/wp\/v2\/users\/1"}],"replies":[{"embeddable":true,"href":"https:\/\/www.plamarcell.cat\/web\/wp-json\/wp\/v2\/comments?post=4404"}],"version-history":[{"count":2,"href":"https:\/\/www.plamarcell.cat\/web\/wp-json\/wp\/v2\/posts\/4404\/revisions"}],"predecessor-version":[{"id":4419,"href":"https:\/\/www.plamarcell.cat\/web\/wp-json\/wp\/v2\/posts\/4404\/revisions\/4419"}],"wp:featuredmedia":[{"embeddable":true,"href":"https:\/\/www.plamarcell.cat\/web\/wp-json\/wp\/v2\/media\/4409"}],"wp:attachment":[{"href":"https:\/\/www.plamarcell.cat\/web\/wp-json\/wp\/v2\/media?parent=4404"}],"wp:term":[{"taxonomy":"category","embeddable":true,"href":"https:\/\/www.plamarcell.cat\/web\/wp-json\/wp\/v2\/categories?post=4404"},{"taxonomy":"post_tag","embeddable":true,"href":"https:\/\/www.plamarcell.cat\/web\/wp-json\/wp\/v2\/tags?post=4404"}],"curies":[{"name":"wp","href":"https:\/\/api.w.org\/{rel}","templated":true}]}}