{"id":4779,"date":"2025-09-27T19:53:56","date_gmt":"2025-09-27T17:53:56","guid":{"rendered":"https:\/\/www.plamarcell.cat\/web\/?p=4779"},"modified":"2025-10-03T16:28:47","modified_gmt":"2025-10-03T14:28:47","slug":"nuria-puigmal-25-26","status":"publish","type":"post","link":"https:\/\/www.plamarcell.cat\/web\/nuria-puigmal-25-26\/","title":{"rendered":"N\u00faria-Puigmal 25\/26"},"content":{"rendered":"\n<p>Com cada any, l&#8217;alumnat de 1r ESO espera la sortida a N\u00faria amb gran il\u00b7lusi\u00f3, \u00e9s una experi\u00e8ncia \u00fanica i plena d\u2019emocions.<\/p>\n\n\n\n<p>El primer dia varen gaudir del viatge amb el cremallera i el telecabina que va despertar un gran entusiasme i curiositat. La sensaci\u00f3 de pujar per les muntanyes amb aquests mitjans de transport va ser sorprenent i diferent del que estem acostumats, una manera especial d\u2019entrar en contacte amb la natura. En arribar varen superar el primer repte, l\u2019ascens al Pic de l\u2019\u00c0liga. La pujada va demostrar la for\u00e7a i la const\u00e0ncia de tothom, ja que tots i totes vam ser capa\u00e7os de superar el cam\u00ed amb energia.<\/p>\n\n\n\n<p>El segon dia afrontaven el segon repte, la pujada al Puigmal que va ser encara m\u00e9s intensa i exigent, un aut\u00e8ntic dia de superaci\u00f3. Cadasc\u00fa va donar el millor de si mateix i, tot i el cansament, l\u2019esfor\u00e7 va valer la pena: la satisfacci\u00f3 d\u2019arribar al cim i veure les vistes espectaculars quedar\u00e0 per sempre en el record, aix\u00ed com el cam\u00ed. El dia va acabar amb una gran festa de cloenda, plena de m\u00fasica, balls i rialles, un moment de celebraci\u00f3 despr\u00e9s de tot l\u2019esfor\u00e7 viscut.<\/p>\n\n\n\n<p>El tercer dia va arribar amb una sensaci\u00f3 agredol\u00e7a: tenien tristesa perqu\u00e8 la sortida s\u2019acabava, per\u00f2 alhora van poder gaudir de N\u00faria amb calma i, alguns i algunes, de la baixada a peu fins a Queralbs. Aquella caminada final va ser una manera perfecta de tancar l\u2019experi\u00e8ncia, compartint converses, records i somriures.<\/p>\n\n\n\n<p>En definitiva, la sortida a N\u00faria-Puigmal va ser molt m\u00e9s que una excursi\u00f3: va ser un aprenentatge de superaci\u00f3, conviv\u00e8ncia i gaudi de la natura.<\/p>\n\n\n\n<figure class=\"wp-block-gallery has-nested-images columns-default is-cropped wp-block-gallery-1 is-layout-flex wp-block-gallery-is-layout-flex\">\n<figure class=\"wp-block-image size-large\"><img loading=\"lazy\" decoding=\"async\" width=\"1030\" height=\"773\" data-id=\"4784\" src=\"https:\/\/www.plamarcell.cat\/web\/wp-content\/uploads\/2025\/09\/5c4c4517-7641-476b-8c0c-ff9bb6652cf2-1030x773.jpg\" alt=\"\" class=\"wp-image-4784\" srcset=\"https:\/\/www.plamarcell.cat\/web\/wp-content\/uploads\/2025\/09\/5c4c4517-7641-476b-8c0c-ff9bb6652cf2-1030x773.jpg 1030w, https:\/\/www.plamarcell.cat\/web\/wp-content\/uploads\/2025\/09\/5c4c4517-7641-476b-8c0c-ff9bb6652cf2-300x225.jpg 300w, https:\/\/www.plamarcell.cat\/web\/wp-content\/uploads\/2025\/09\/5c4c4517-7641-476b-8c0c-ff9bb6652cf2-768x576.jpg 768w, https:\/\/www.plamarcell.cat\/web\/wp-content\/uploads\/2025\/09\/5c4c4517-7641-476b-8c0c-ff9bb6652cf2-705x529.jpg 705w, https:\/\/www.plamarcell.cat\/web\/wp-content\/uploads\/2025\/09\/5c4c4517-7641-476b-8c0c-ff9bb6652cf2.jpg 1276w\" sizes=\"auto, (max-width: 1030px) 100vw, 1030px\" \/><\/figure>\n\n\n\n<figure class=\"wp-block-image size-large\"><img loading=\"lazy\" decoding=\"async\" width=\"1030\" height=\"773\" data-id=\"4785\" src=\"https:\/\/www.plamarcell.cat\/web\/wp-content\/uploads\/2025\/09\/825c0f1a-c49f-471c-bdb2-8608834b9bf1-1030x773.jpg\" alt=\"\" class=\"wp-image-4785\" srcset=\"https:\/\/www.plamarcell.cat\/web\/wp-content\/uploads\/2025\/09\/825c0f1a-c49f-471c-bdb2-8608834b9bf1-1030x773.jpg 1030w, https:\/\/www.plamarcell.cat\/web\/wp-content\/uploads\/2025\/09\/825c0f1a-c49f-471c-bdb2-8608834b9bf1-300x225.jpg 300w, https:\/\/www.plamarcell.cat\/web\/wp-content\/uploads\/2025\/09\/825c0f1a-c49f-471c-bdb2-8608834b9bf1-768x576.jpg 768w, https:\/\/www.plamarcell.cat\/web\/wp-content\/uploads\/2025\/09\/825c0f1a-c49f-471c-bdb2-8608834b9bf1-705x529.jpg 705w, https:\/\/www.plamarcell.cat\/web\/wp-content\/uploads\/2025\/09\/825c0f1a-c49f-471c-bdb2-8608834b9bf1.jpg 1276w\" sizes=\"auto, (max-width: 1030px) 100vw, 1030px\" \/><\/figure>\n\n\n\n<figure class=\"wp-block-image size-large\"><img loading=\"lazy\" decoding=\"async\" width=\"539\" height=\"957\" data-id=\"4780\" src=\"https:\/\/www.plamarcell.cat\/web\/wp-content\/uploads\/2025\/09\/76a5a465-91a5-447d-9b50-75a879b29399.jpg\" alt=\"\" class=\"wp-image-4780\" srcset=\"https:\/\/www.plamarcell.cat\/web\/wp-content\/uploads\/2025\/09\/76a5a465-91a5-447d-9b50-75a879b29399.jpg 539w, https:\/\/www.plamarcell.cat\/web\/wp-content\/uploads\/2025\/09\/76a5a465-91a5-447d-9b50-75a879b29399-169x300.jpg 169w, https:\/\/www.plamarcell.cat\/web\/wp-content\/uploads\/2025\/09\/76a5a465-91a5-447d-9b50-75a879b29399-397x705.jpg 397w\" sizes=\"auto, (max-width: 539px) 100vw, 539px\" \/><\/figure>\n\n\n\n<figure class=\"wp-block-image size-large\"><img loading=\"lazy\" decoding=\"async\" width=\"627\" height=\"836\" data-id=\"4782\" src=\"https:\/\/www.plamarcell.cat\/web\/wp-content\/uploads\/2025\/09\/d9582c35-9692-49da-ae2e-e4b42cfb9a00.jpg\" alt=\"\" class=\"wp-image-4782\" srcset=\"https:\/\/www.plamarcell.cat\/web\/wp-content\/uploads\/2025\/09\/d9582c35-9692-49da-ae2e-e4b42cfb9a00.jpg 627w, https:\/\/www.plamarcell.cat\/web\/wp-content\/uploads\/2025\/09\/d9582c35-9692-49da-ae2e-e4b42cfb9a00-225x300.jpg 225w, https:\/\/www.plamarcell.cat\/web\/wp-content\/uploads\/2025\/09\/d9582c35-9692-49da-ae2e-e4b42cfb9a00-529x705.jpg 529w\" sizes=\"auto, (max-width: 627px) 100vw, 627px\" \/><\/figure>\n\n\n\n<figure class=\"wp-block-image size-large\"><img loading=\"lazy\" decoding=\"async\" width=\"1030\" height=\"773\" data-id=\"4783\" src=\"https:\/\/www.plamarcell.cat\/web\/wp-content\/uploads\/2025\/09\/42f8225a-3a2c-4973-8675-905aaebef435-1030x773.jpg\" alt=\"\" class=\"wp-image-4783\" srcset=\"https:\/\/www.plamarcell.cat\/web\/wp-content\/uploads\/2025\/09\/42f8225a-3a2c-4973-8675-905aaebef435-1030x773.jpg 1030w, https:\/\/www.plamarcell.cat\/web\/wp-content\/uploads\/2025\/09\/42f8225a-3a2c-4973-8675-905aaebef435-300x225.jpg 300w, https:\/\/www.plamarcell.cat\/web\/wp-content\/uploads\/2025\/09\/42f8225a-3a2c-4973-8675-905aaebef435-768x576.jpg 768w, https:\/\/www.plamarcell.cat\/web\/wp-content\/uploads\/2025\/09\/42f8225a-3a2c-4973-8675-905aaebef435-705x529.jpg 705w, https:\/\/www.plamarcell.cat\/web\/wp-content\/uploads\/2025\/09\/42f8225a-3a2c-4973-8675-905aaebef435.jpg 1276w\" sizes=\"auto, (max-width: 1030px) 100vw, 1030px\" \/><\/figure>\n\n\n\n<figure class=\"wp-block-image size-large\"><img loading=\"lazy\" decoding=\"async\" width=\"718\" height=\"957\" data-id=\"4781\" src=\"https:\/\/www.plamarcell.cat\/web\/wp-content\/uploads\/2025\/09\/02ab2d51-4d43-4b37-89c9-6b5cb54face6.jpg\" alt=\"\" class=\"wp-image-4781\" srcset=\"https:\/\/www.plamarcell.cat\/web\/wp-content\/uploads\/2025\/09\/02ab2d51-4d43-4b37-89c9-6b5cb54face6.jpg 718w, https:\/\/www.plamarcell.cat\/web\/wp-content\/uploads\/2025\/09\/02ab2d51-4d43-4b37-89c9-6b5cb54face6-225x300.jpg 225w, https:\/\/www.plamarcell.cat\/web\/wp-content\/uploads\/2025\/09\/02ab2d51-4d43-4b37-89c9-6b5cb54face6-529x705.jpg 529w\" sizes=\"auto, (max-width: 718px) 100vw, 718px\" \/><\/figure>\n<\/figure>\n","protected":false},"excerpt":{"rendered":"<p>Com cada any, l&#8217;alumnat de 1r ESO espera la sortida a N\u00faria amb gran il\u00b7lusi\u00f3, \u00e9s una experi\u00e8ncia \u00fanica i plena d\u2019emocions. El primer dia varen gaudir del viatge amb el cremallera i el telecabina que va despertar un gran entusiasme i curiositat. La sensaci\u00f3 de pujar per les muntanyes amb aquests mitjans de transport [&hellip;]<\/p>\n","protected":false},"author":1,"featured_media":4782,"comment_status":"closed","ping_status":"closed","sticky":false,"template":"","format":"standard","meta":{"footnotes":"","jetpack_publicize_message":"","jetpack_publicize_feature_enabled":true,"jetpack_social_post_already_shared":false,"jetpack_social_options":{"image_generator_settings":{"template":"highway","default_image_id":0,"font":"","enabled":false},"version":2}},"categories":[32],"tags":[25],"class_list":["post-4779","post","type-post","status-publish","format-standard","has-post-thumbnail","hentry","category-eso","tag-eso"],"yoast_head":"<!-- This site is optimized with the Yoast SEO plugin v27.4 - https:\/\/yoast.com\/product\/yoast-seo-wordpress\/ -->\n<title>N\u00faria-Puigmal 25\/26 - Institut Pla Marcell<\/title>\n<meta name=\"robots\" content=\"index, follow, max-snippet:-1, max-image-preview:large, max-video-preview:-1\" \/>\n<link rel=\"canonical\" href=\"https:\/\/www.plamarcell.cat\/web\/nuria-puigmal-25-26\/\" \/>\n<meta property=\"og:locale\" content=\"ca_ES\" \/>\n<meta property=\"og:type\" content=\"article\" \/>\n<meta property=\"og:title\" content=\"N\u00faria-Puigmal 25\/26 - Institut Pla Marcell\" \/>\n<meta property=\"og:description\" content=\"Com cada any, l&#8217;alumnat de 1r ESO espera la sortida a N\u00faria amb gran il\u00b7lusi\u00f3, \u00e9s una experi\u00e8ncia \u00fanica i plena d\u2019emocions. El primer dia varen gaudir del viatge amb el cremallera i el telecabina que va despertar un gran entusiasme i curiositat. La sensaci\u00f3 de pujar per les muntanyes amb aquests mitjans de transport [&hellip;]\" \/>\n<meta property=\"og:url\" content=\"https:\/\/www.plamarcell.cat\/web\/nuria-puigmal-25-26\/\" \/>\n<meta property=\"og:site_name\" content=\"Institut Pla Marcell\" \/>\n<meta property=\"article:published_time\" content=\"2025-09-27T17:53:56+00:00\" \/>\n<meta property=\"article:modified_time\" content=\"2025-10-03T14:28:47+00:00\" \/>\n<meta property=\"og:image\" content=\"https:\/\/www.plamarcell.cat\/web\/wp-content\/uploads\/2025\/09\/d9582c35-9692-49da-ae2e-e4b42cfb9a00.jpg\" \/>\n\t<meta property=\"og:image:width\" content=\"627\" \/>\n\t<meta property=\"og:image:height\" content=\"836\" \/>\n\t<meta property=\"og:image:type\" content=\"image\/jpeg\" \/>\n<meta name=\"author\" content=\"f1c2b02a1225\" \/>\n<meta name=\"twitter:card\" content=\"summary_large_image\" \/>\n<meta name=\"twitter:label1\" content=\"Escrit per\" \/>\n\t<meta name=\"twitter:data1\" content=\"f1c2b02a1225\" \/>\n\t<meta name=\"twitter:label2\" content=\"Temps estimat de lectura\" \/>\n\t<meta name=\"twitter:data2\" content=\"3 minuts\" \/>\n<script type=\"application\/ld+json\" class=\"yoast-schema-graph\">{\"@context\":\"https:\\\/\\\/schema.org\",\"@graph\":[{\"@type\":\"Article\",\"@id\":\"https:\\\/\\\/www.plamarcell.cat\\\/web\\\/nuria-puigmal-25-26\\\/#article\",\"isPartOf\":{\"@id\":\"https:\\\/\\\/www.plamarcell.cat\\\/web\\\/nuria-puigmal-25-26\\\/\"},\"author\":{\"name\":\"f1c2b02a1225\",\"@id\":\"https:\\\/\\\/www.plamarcell.cat\\\/web\\\/#\\\/schema\\\/person\\\/6faa91fae89974b76b20b7702d1920da\"},\"headline\":\"N\u00faria-Puigmal 25\\\/26\",\"datePublished\":\"2025-09-27T17:53:56+00:00\",\"dateModified\":\"2025-10-03T14:28:47+00:00\",\"mainEntityOfPage\":{\"@id\":\"https:\\\/\\\/www.plamarcell.cat\\\/web\\\/nuria-puigmal-25-26\\\/\"},\"wordCount\":302,\"publisher\":{\"@id\":\"https:\\\/\\\/www.plamarcell.cat\\\/web\\\/#organization\"},\"image\":{\"@id\":\"https:\\\/\\\/www.plamarcell.cat\\\/web\\\/nuria-puigmal-25-26\\\/#primaryimage\"},\"thumbnailUrl\":\"https:\\\/\\\/www.plamarcell.cat\\\/web\\\/wp-content\\\/uploads\\\/2025\\\/09\\\/d9582c35-9692-49da-ae2e-e4b42cfb9a00.jpg\",\"keywords\":[\"ESO\"],\"articleSection\":[\"ESO\"],\"inLanguage\":\"ca\"},{\"@type\":\"WebPage\",\"@id\":\"https:\\\/\\\/www.plamarcell.cat\\\/web\\\/nuria-puigmal-25-26\\\/\",\"url\":\"https:\\\/\\\/www.plamarcell.cat\\\/web\\\/nuria-puigmal-25-26\\\/\",\"name\":\"N\u00faria-Puigmal 25\\\/26 - Institut Pla Marcell\",\"isPartOf\":{\"@id\":\"https:\\\/\\\/www.plamarcell.cat\\\/web\\\/#website\"},\"primaryImageOfPage\":{\"@id\":\"https:\\\/\\\/www.plamarcell.cat\\\/web\\\/nuria-puigmal-25-26\\\/#primaryimage\"},\"image\":{\"@id\":\"https:\\\/\\\/www.plamarcell.cat\\\/web\\\/nuria-puigmal-25-26\\\/#primaryimage\"},\"thumbnailUrl\":\"https:\\\/\\\/www.plamarcell.cat\\\/web\\\/wp-content\\\/uploads\\\/2025\\\/09\\\/d9582c35-9692-49da-ae2e-e4b42cfb9a00.jpg\",\"datePublished\":\"2025-09-27T17:53:56+00:00\",\"dateModified\":\"2025-10-03T14:28:47+00:00\",\"breadcrumb\":{\"@id\":\"https:\\\/\\\/www.plamarcell.cat\\\/web\\\/nuria-puigmal-25-26\\\/#breadcrumb\"},\"inLanguage\":\"ca\",\"potentialAction\":[{\"@type\":\"ReadAction\",\"target\":[\"https:\\\/\\\/www.plamarcell.cat\\\/web\\\/nuria-puigmal-25-26\\\/\"]}]},{\"@type\":\"ImageObject\",\"inLanguage\":\"ca\",\"@id\":\"https:\\\/\\\/www.plamarcell.cat\\\/web\\\/nuria-puigmal-25-26\\\/#primaryimage\",\"url\":\"https:\\\/\\\/www.plamarcell.cat\\\/web\\\/wp-content\\\/uploads\\\/2025\\\/09\\\/d9582c35-9692-49da-ae2e-e4b42cfb9a00.jpg\",\"contentUrl\":\"https:\\\/\\\/www.plamarcell.cat\\\/web\\\/wp-content\\\/uploads\\\/2025\\\/09\\\/d9582c35-9692-49da-ae2e-e4b42cfb9a00.jpg\",\"width\":627,\"height\":836},{\"@type\":\"BreadcrumbList\",\"@id\":\"https:\\\/\\\/www.plamarcell.cat\\\/web\\\/nuria-puigmal-25-26\\\/#breadcrumb\",\"itemListElement\":[{\"@type\":\"ListItem\",\"position\":1,\"name\":\"Inici\",\"item\":\"https:\\\/\\\/www.plamarcell.cat\\\/web\\\/\"},{\"@type\":\"ListItem\",\"position\":2,\"name\":\"N\u00faria-Puigmal 25\\\/26\"}]},{\"@type\":\"WebSite\",\"@id\":\"https:\\\/\\\/www.plamarcell.cat\\\/web\\\/#website\",\"url\":\"https:\\\/\\\/www.plamarcell.cat\\\/web\\\/\",\"name\":\"Institut Pla Marcell\",\"description\":\"Decidir, conviure i aprendre\",\"publisher\":{\"@id\":\"https:\\\/\\\/www.plamarcell.cat\\\/web\\\/#organization\"},\"potentialAction\":[{\"@type\":\"SearchAction\",\"target\":{\"@type\":\"EntryPoint\",\"urlTemplate\":\"https:\\\/\\\/www.plamarcell.cat\\\/web\\\/?s={search_term_string}\"},\"query-input\":{\"@type\":\"PropertyValueSpecification\",\"valueRequired\":true,\"valueName\":\"search_term_string\"}}],\"inLanguage\":\"ca\"},{\"@type\":\"Organization\",\"@id\":\"https:\\\/\\\/www.plamarcell.cat\\\/web\\\/#organization\",\"name\":\"Institut Pla Marcell\",\"url\":\"https:\\\/\\\/www.plamarcell.cat\\\/web\\\/\",\"logo\":{\"@type\":\"ImageObject\",\"inLanguage\":\"ca\",\"@id\":\"https:\\\/\\\/www.plamarcell.cat\\\/web\\\/#\\\/schema\\\/logo\\\/image\\\/\",\"url\":\"https:\\\/\\\/www.plamarcell.cat\\\/web\\\/wp-content\\\/uploads\\\/2025\\\/03\\\/ima-Logo-header-1.png\",\"contentUrl\":\"https:\\\/\\\/www.plamarcell.cat\\\/web\\\/wp-content\\\/uploads\\\/2025\\\/03\\\/ima-Logo-header-1.png\",\"width\":1200,\"height\":700,\"caption\":\"Institut Pla Marcell\"},\"image\":{\"@id\":\"https:\\\/\\\/www.plamarcell.cat\\\/web\\\/#\\\/schema\\\/logo\\\/image\\\/\"},\"sameAs\":[\"https:\\\/\\\/www.instagram.com\\\/pla.marcell\\\/\"]},{\"@type\":\"Person\",\"@id\":\"https:\\\/\\\/www.plamarcell.cat\\\/web\\\/#\\\/schema\\\/person\\\/6faa91fae89974b76b20b7702d1920da\",\"name\":\"f1c2b02a1225\",\"image\":{\"@type\":\"ImageObject\",\"inLanguage\":\"ca\",\"@id\":\"https:\\\/\\\/secure.gravatar.com\\\/avatar\\\/5b488f4f1a77d45180bbae5938ab699df692d0c9f43fa4ebd195ac2b5c4678bd?s=96&d=mm&r=g\",\"url\":\"https:\\\/\\\/secure.gravatar.com\\\/avatar\\\/5b488f4f1a77d45180bbae5938ab699df692d0c9f43fa4ebd195ac2b5c4678bd?s=96&d=mm&r=g\",\"contentUrl\":\"https:\\\/\\\/secure.gravatar.com\\\/avatar\\\/5b488f4f1a77d45180bbae5938ab699df692d0c9f43fa4ebd195ac2b5c4678bd?s=96&d=mm&r=g\",\"caption\":\"f1c2b02a1225\"},\"sameAs\":[\"http:\\\/\\\/plamarcell.com.mialias.net\"],\"url\":\"https:\\\/\\\/www.plamarcell.cat\\\/web\\\/author\\\/f1c2b02a1225\\\/\"}]}<\/script>\n<!-- \/ Yoast SEO plugin. -->","yoast_head_json":{"title":"N\u00faria-Puigmal 25\/26 - Institut Pla Marcell","robots":{"index":"index","follow":"follow","max-snippet":"max-snippet:-1","max-image-preview":"max-image-preview:large","max-video-preview":"max-video-preview:-1"},"canonical":"https:\/\/www.plamarcell.cat\/web\/nuria-puigmal-25-26\/","og_locale":"ca_ES","og_type":"article","og_title":"N\u00faria-Puigmal 25\/26 - Institut Pla Marcell","og_description":"Com cada any, l&#8217;alumnat de 1r ESO espera la sortida a N\u00faria amb gran il\u00b7lusi\u00f3, \u00e9s una experi\u00e8ncia \u00fanica i plena d\u2019emocions. El primer dia varen gaudir del viatge amb el cremallera i el telecabina que va despertar un gran entusiasme i curiositat. La sensaci\u00f3 de pujar per les muntanyes amb aquests mitjans de transport [&hellip;]","og_url":"https:\/\/www.plamarcell.cat\/web\/nuria-puigmal-25-26\/","og_site_name":"Institut Pla Marcell","article_published_time":"2025-09-27T17:53:56+00:00","article_modified_time":"2025-10-03T14:28:47+00:00","og_image":[{"width":627,"height":836,"url":"https:\/\/www.plamarcell.cat\/web\/wp-content\/uploads\/2025\/09\/d9582c35-9692-49da-ae2e-e4b42cfb9a00.jpg","type":"image\/jpeg"}],"author":"f1c2b02a1225","twitter_card":"summary_large_image","twitter_misc":{"Escrit per":"f1c2b02a1225","Temps estimat de lectura":"3 minuts"},"schema":{"@context":"https:\/\/schema.org","@graph":[{"@type":"Article","@id":"https:\/\/www.plamarcell.cat\/web\/nuria-puigmal-25-26\/#article","isPartOf":{"@id":"https:\/\/www.plamarcell.cat\/web\/nuria-puigmal-25-26\/"},"author":{"name":"f1c2b02a1225","@id":"https:\/\/www.plamarcell.cat\/web\/#\/schema\/person\/6faa91fae89974b76b20b7702d1920da"},"headline":"N\u00faria-Puigmal 25\/26","datePublished":"2025-09-27T17:53:56+00:00","dateModified":"2025-10-03T14:28:47+00:00","mainEntityOfPage":{"@id":"https:\/\/www.plamarcell.cat\/web\/nuria-puigmal-25-26\/"},"wordCount":302,"publisher":{"@id":"https:\/\/www.plamarcell.cat\/web\/#organization"},"image":{"@id":"https:\/\/www.plamarcell.cat\/web\/nuria-puigmal-25-26\/#primaryimage"},"thumbnailUrl":"https:\/\/www.plamarcell.cat\/web\/wp-content\/uploads\/2025\/09\/d9582c35-9692-49da-ae2e-e4b42cfb9a00.jpg","keywords":["ESO"],"articleSection":["ESO"],"inLanguage":"ca"},{"@type":"WebPage","@id":"https:\/\/www.plamarcell.cat\/web\/nuria-puigmal-25-26\/","url":"https:\/\/www.plamarcell.cat\/web\/nuria-puigmal-25-26\/","name":"N\u00faria-Puigmal 25\/26 - Institut Pla Marcell","isPartOf":{"@id":"https:\/\/www.plamarcell.cat\/web\/#website"},"primaryImageOfPage":{"@id":"https:\/\/www.plamarcell.cat\/web\/nuria-puigmal-25-26\/#primaryimage"},"image":{"@id":"https:\/\/www.plamarcell.cat\/web\/nuria-puigmal-25-26\/#primaryimage"},"thumbnailUrl":"https:\/\/www.plamarcell.cat\/web\/wp-content\/uploads\/2025\/09\/d9582c35-9692-49da-ae2e-e4b42cfb9a00.jpg","datePublished":"2025-09-27T17:53:56+00:00","dateModified":"2025-10-03T14:28:47+00:00","breadcrumb":{"@id":"https:\/\/www.plamarcell.cat\/web\/nuria-puigmal-25-26\/#breadcrumb"},"inLanguage":"ca","potentialAction":[{"@type":"ReadAction","target":["https:\/\/www.plamarcell.cat\/web\/nuria-puigmal-25-26\/"]}]},{"@type":"ImageObject","inLanguage":"ca","@id":"https:\/\/www.plamarcell.cat\/web\/nuria-puigmal-25-26\/#primaryimage","url":"https:\/\/www.plamarcell.cat\/web\/wp-content\/uploads\/2025\/09\/d9582c35-9692-49da-ae2e-e4b42cfb9a00.jpg","contentUrl":"https:\/\/www.plamarcell.cat\/web\/wp-content\/uploads\/2025\/09\/d9582c35-9692-49da-ae2e-e4b42cfb9a00.jpg","width":627,"height":836},{"@type":"BreadcrumbList","@id":"https:\/\/www.plamarcell.cat\/web\/nuria-puigmal-25-26\/#breadcrumb","itemListElement":[{"@type":"ListItem","position":1,"name":"Inici","item":"https:\/\/www.plamarcell.cat\/web\/"},{"@type":"ListItem","position":2,"name":"N\u00faria-Puigmal 25\/26"}]},{"@type":"WebSite","@id":"https:\/\/www.plamarcell.cat\/web\/#website","url":"https:\/\/www.plamarcell.cat\/web\/","name":"Institut Pla Marcell","description":"Decidir, conviure i aprendre","publisher":{"@id":"https:\/\/www.plamarcell.cat\/web\/#organization"},"potentialAction":[{"@type":"SearchAction","target":{"@type":"EntryPoint","urlTemplate":"https:\/\/www.plamarcell.cat\/web\/?s={search_term_string}"},"query-input":{"@type":"PropertyValueSpecification","valueRequired":true,"valueName":"search_term_string"}}],"inLanguage":"ca"},{"@type":"Organization","@id":"https:\/\/www.plamarcell.cat\/web\/#organization","name":"Institut Pla Marcell","url":"https:\/\/www.plamarcell.cat\/web\/","logo":{"@type":"ImageObject","inLanguage":"ca","@id":"https:\/\/www.plamarcell.cat\/web\/#\/schema\/logo\/image\/","url":"https:\/\/www.plamarcell.cat\/web\/wp-content\/uploads\/2025\/03\/ima-Logo-header-1.png","contentUrl":"https:\/\/www.plamarcell.cat\/web\/wp-content\/uploads\/2025\/03\/ima-Logo-header-1.png","width":1200,"height":700,"caption":"Institut Pla Marcell"},"image":{"@id":"https:\/\/www.plamarcell.cat\/web\/#\/schema\/logo\/image\/"},"sameAs":["https:\/\/www.instagram.com\/pla.marcell\/"]},{"@type":"Person","@id":"https:\/\/www.plamarcell.cat\/web\/#\/schema\/person\/6faa91fae89974b76b20b7702d1920da","name":"f1c2b02a1225","image":{"@type":"ImageObject","inLanguage":"ca","@id":"https:\/\/secure.gravatar.com\/avatar\/5b488f4f1a77d45180bbae5938ab699df692d0c9f43fa4ebd195ac2b5c4678bd?s=96&d=mm&r=g","url":"https:\/\/secure.gravatar.com\/avatar\/5b488f4f1a77d45180bbae5938ab699df692d0c9f43fa4ebd195ac2b5c4678bd?s=96&d=mm&r=g","contentUrl":"https:\/\/secure.gravatar.com\/avatar\/5b488f4f1a77d45180bbae5938ab699df692d0c9f43fa4ebd195ac2b5c4678bd?s=96&d=mm&r=g","caption":"f1c2b02a1225"},"sameAs":["http:\/\/plamarcell.com.mialias.net"],"url":"https:\/\/www.plamarcell.cat\/web\/author\/f1c2b02a1225\/"}]}},"jetpack_publicize_connections":[],"_links":{"self":[{"href":"https:\/\/www.plamarcell.cat\/web\/wp-json\/wp\/v2\/posts\/4779","targetHints":{"allow":["GET"]}}],"collection":[{"href":"https:\/\/www.plamarcell.cat\/web\/wp-json\/wp\/v2\/posts"}],"about":[{"href":"https:\/\/www.plamarcell.cat\/web\/wp-json\/wp\/v2\/types\/post"}],"author":[{"embeddable":true,"href":"https:\/\/www.plamarcell.cat\/web\/wp-json\/wp\/v2\/users\/1"}],"replies":[{"embeddable":true,"href":"https:\/\/www.plamarcell.cat\/web\/wp-json\/wp\/v2\/comments?post=4779"}],"version-history":[{"count":1,"href":"https:\/\/www.plamarcell.cat\/web\/wp-json\/wp\/v2\/posts\/4779\/revisions"}],"predecessor-version":[{"id":4786,"href":"https:\/\/www.plamarcell.cat\/web\/wp-json\/wp\/v2\/posts\/4779\/revisions\/4786"}],"wp:featuredmedia":[{"embeddable":true,"href":"https:\/\/www.plamarcell.cat\/web\/wp-json\/wp\/v2\/media\/4782"}],"wp:attachment":[{"href":"https:\/\/www.plamarcell.cat\/web\/wp-json\/wp\/v2\/media?parent=4779"}],"wp:term":[{"taxonomy":"category","embeddable":true,"href":"https:\/\/www.plamarcell.cat\/web\/wp-json\/wp\/v2\/categories?post=4779"},{"taxonomy":"post_tag","embeddable":true,"href":"https:\/\/www.plamarcell.cat\/web\/wp-json\/wp\/v2\/tags?post=4779"}],"curies":[{"name":"wp","href":"https:\/\/api.w.org\/{rel}","templated":true}]}}