{"id":4794,"date":"2025-10-30T18:45:14","date_gmt":"2025-10-30T17:45:14","guid":{"rendered":"https:\/\/www.plamarcell.cat\/web\/?p=4794"},"modified":"2025-10-31T13:37:24","modified_gmt":"2025-10-31T12:37:24","slug":"sortida-inici-de-curs-parc-dels-pinetons","status":"publish","type":"post","link":"https:\/\/www.plamarcell.cat\/web\/sortida-inici-de-curs-parc-dels-pinetons\/","title":{"rendered":"Sortida d&#8217;inici de curs: Parc dels Pinetons"},"content":{"rendered":"\n<p style=\"font-size:1.1rem;font-style:normal;font-weight:300\">L\u2019alumnat de 2n dels Cicles Formatius de Grau Mitj\u00e0 d\u2019Atenci\u00f3 a les Persones en Situaci\u00f3 de Depend\u00e8ncia i de Grau Superior d\u2019Educaci\u00f3 Infantil i Integraci\u00f3 Social de l\u2019Institut Pla Marcell ha dissenyat i dinamitzat els, ja tradicionals, jocs de coneixen\u00e7a adre\u00e7ats a l\u2019alumnat de 1r. L\u2019activitat es va dur a terme al Parc dels Pinetons.<\/p>\n\n\n\n<p style=\"font-size:1.1rem;font-style:normal;font-weight:300\">L\u2019objectiu de la sortida \u00e9s afavorir la cohesi\u00f3 i fomentar les relacions entre l\u2019alumnat que comen\u00e7a el curs, tot promovent un espai de trobada i conviv\u00e8ncia entre els diferents cicles de la fam\u00edlia professional de Serveis a la Comunitat. A trav\u00e9s de din\u00e0miques senzilles, participatives i l\u00fadiques, tothom va poder participar activament i gaudir d\u2019una jornada plena de complicitat i bon ambient. L\u2019entorn a l\u2019aire lliure va afavorir la confian\u00e7a i els vincles entre companys i companyes.<\/p>\n\n\n\n<p style=\"font-size:1.1rem;font-style:normal;font-weight:300\">Per a l\u2019alumnat de 2n, va ser una oportunitat per posar en pr\u00e0ctica compet\u00e8ncies professionals com l\u2019organitzaci\u00f3, la gesti\u00f3 de grups i la comunicaci\u00f3 din\u00e0mica amb els altres. Per al grup de 1r, aquesta trobada va representar la seva primera experi\u00e8ncia compartida fora del centre, un moment clau per iniciar el curs amb energia i motivaci\u00f3.<\/p>\n\n\n\n<p style=\"font-size:1.1rem;font-style:normal;font-weight:300\">L\u2019activitat als Pinetons ha esdevingut aix\u00ed l\u2019inici del curs 2025-2026 per a tots els cicles de la fam\u00edlia de Serveis a la Comunitat. Desitgem que aquest curs estigui ple de col\u00b7laboraci\u00f3, respecte i aprenentatges compartits. Entre totes i tots fem petits passos que contribueixen al creixement personal i professional del nostre alumnat.<\/p>\n\n\n\n<div class=\"wp-block-columns is-layout-flex wp-container-core-columns-is-layout-9d6595d7 wp-block-columns-is-layout-flex\">\n<div class=\"wp-block-column is-layout-flow wp-block-column-is-layout-flow\" style=\"flex-basis:100%\">\n<figure class=\"wp-block-gallery has-nested-images columns-default is-cropped wp-block-gallery-1 is-layout-flex wp-block-gallery-is-layout-flex\">\n<figure class=\"wp-block-image size-large\"><img loading=\"lazy\" decoding=\"async\" width=\"773\" height=\"1030\" data-id=\"4978\" src=\"https:\/\/www.plamarcell.cat\/web\/wp-content\/uploads\/2025\/10\/IMG20251001182405-2-773x1030.jpg\" alt=\"\" class=\"wp-image-4978\" srcset=\"https:\/\/www.plamarcell.cat\/web\/wp-content\/uploads\/2025\/10\/IMG20251001182405-2-773x1030.jpg 773w, https:\/\/www.plamarcell.cat\/web\/wp-content\/uploads\/2025\/10\/IMG20251001182405-2-225x300.jpg 225w, https:\/\/www.plamarcell.cat\/web\/wp-content\/uploads\/2025\/10\/IMG20251001182405-2-768x1024.jpg 768w, https:\/\/www.plamarcell.cat\/web\/wp-content\/uploads\/2025\/10\/IMG20251001182405-2-1152x1536.jpg 1152w, https:\/\/www.plamarcell.cat\/web\/wp-content\/uploads\/2025\/10\/IMG20251001182405-2-1536x2048.jpg 1536w, https:\/\/www.plamarcell.cat\/web\/wp-content\/uploads\/2025\/10\/IMG20251001182405-2-1125x1500.jpg 1125w, https:\/\/www.plamarcell.cat\/web\/wp-content\/uploads\/2025\/10\/IMG20251001182405-2-529x705.jpg 529w, https:\/\/www.plamarcell.cat\/web\/wp-content\/uploads\/2025\/10\/IMG20251001182405-2-scaled.jpg 1920w\" sizes=\"auto, (max-width: 773px) 100vw, 773px\" \/><\/figure>\n\n\n\n<figure class=\"wp-block-image size-large\"><img loading=\"lazy\" decoding=\"async\" width=\"773\" height=\"1030\" data-id=\"4976\" src=\"https:\/\/www.plamarcell.cat\/web\/wp-content\/uploads\/2025\/10\/1000036980-773x1030.jpg\" alt=\"\" class=\"wp-image-4976\" srcset=\"https:\/\/www.plamarcell.cat\/web\/wp-content\/uploads\/2025\/10\/1000036980-773x1030.jpg 773w, https:\/\/www.plamarcell.cat\/web\/wp-content\/uploads\/2025\/10\/1000036980-225x300.jpg 225w, https:\/\/www.plamarcell.cat\/web\/wp-content\/uploads\/2025\/10\/1000036980-768x1024.jpg 768w, https:\/\/www.plamarcell.cat\/web\/wp-content\/uploads\/2025\/10\/1000036980-1152x1536.jpg 1152w, https:\/\/www.plamarcell.cat\/web\/wp-content\/uploads\/2025\/10\/1000036980-1125x1500.jpg 1125w, https:\/\/www.plamarcell.cat\/web\/wp-content\/uploads\/2025\/10\/1000036980-529x705.jpg 529w, https:\/\/www.plamarcell.cat\/web\/wp-content\/uploads\/2025\/10\/1000036980.jpg 1536w\" sizes=\"auto, (max-width: 773px) 100vw, 773px\" \/><\/figure>\n<\/figure>\n\n\n\n<figure class=\"wp-block-gallery has-nested-images columns-default is-cropped wp-block-gallery-2 is-layout-flex wp-block-gallery-is-layout-flex\"><\/figure>\n<\/div>\n<\/div>\n\n\n\n<p><\/p>\n","protected":false},"excerpt":{"rendered":"<p>L\u2019alumnat de 2n dels Cicles Formatius de Grau Mitj\u00e0 d\u2019Atenci\u00f3 a les Persones en Situaci\u00f3 de Depend\u00e8ncia i de Grau Superior d\u2019Educaci\u00f3 Infantil i Integraci\u00f3 Social de l\u2019Institut Pla Marcell ha dissenyat i dinamitzat els, ja tradicionals, jocs de coneixen\u00e7a adre\u00e7ats a l\u2019alumnat de 1r. L\u2019activitat es va dur a terme al Parc dels Pinetons. [&hellip;]<\/p>\n","protected":false},"author":1,"featured_media":4979,"comment_status":"closed","ping_status":"closed","sticky":false,"template":"","format":"standard","meta":{"footnotes":"","jetpack_publicize_message":"","jetpack_publicize_feature_enabled":true,"jetpack_social_post_already_shared":true,"jetpack_social_options":{"image_generator_settings":{"template":"highway","default_image_id":0,"font":"","enabled":false},"version":2}},"categories":[33,21],"tags":[31,24,41,42],"class_list":["post-4794","post","type-post","status-publish","format-standard","has-post-thumbnail","hentry","category-cicles-formatius","category-pagina-dinici","tag-apsd","tag-cicles-formatius","tag-educacio-infantil","tag-integracio-social"],"yoast_head":"<!-- This site is optimized with the Yoast SEO plugin v27.4 - https:\/\/yoast.com\/product\/yoast-seo-wordpress\/ -->\n<title>Sortida d&#039;inici de curs: Parc dels Pinetons - Institut Pla Marcell<\/title>\n<meta name=\"robots\" content=\"index, follow, max-snippet:-1, max-image-preview:large, max-video-preview:-1\" \/>\n<link rel=\"canonical\" href=\"https:\/\/www.plamarcell.cat\/web\/sortida-inici-de-curs-parc-dels-pinetons\/\" \/>\n<meta property=\"og:locale\" content=\"ca_ES\" \/>\n<meta property=\"og:type\" content=\"article\" \/>\n<meta property=\"og:title\" content=\"Sortida d&#039;inici de curs: Parc dels Pinetons - Institut Pla Marcell\" \/>\n<meta property=\"og:description\" content=\"L\u2019alumnat de 2n dels Cicles Formatius de Grau Mitj\u00e0 d\u2019Atenci\u00f3 a les Persones en Situaci\u00f3 de Depend\u00e8ncia i de Grau Superior d\u2019Educaci\u00f3 Infantil i Integraci\u00f3 Social de l\u2019Institut Pla Marcell ha dissenyat i dinamitzat els, ja tradicionals, jocs de coneixen\u00e7a adre\u00e7ats a l\u2019alumnat de 1r. L\u2019activitat es va dur a terme al Parc dels Pinetons. [&hellip;]\" \/>\n<meta property=\"og:url\" content=\"https:\/\/www.plamarcell.cat\/web\/sortida-inici-de-curs-parc-dels-pinetons\/\" \/>\n<meta property=\"og:site_name\" content=\"Institut Pla Marcell\" \/>\n<meta property=\"article:published_time\" content=\"2025-10-30T17:45:14+00:00\" \/>\n<meta property=\"article:modified_time\" content=\"2025-10-31T12:37:24+00:00\" \/>\n<meta property=\"og:image\" content=\"https:\/\/www.plamarcell.cat\/web\/wp-content\/uploads\/2025\/10\/foto-capcalera-1030x776.jpg\" \/>\n\t<meta property=\"og:image:width\" content=\"1030\" \/>\n\t<meta property=\"og:image:height\" content=\"776\" \/>\n\t<meta property=\"og:image:type\" content=\"image\/jpeg\" \/>\n<meta name=\"author\" content=\"f1c2b02a1225\" \/>\n<meta name=\"twitter:card\" content=\"summary_large_image\" \/>\n<meta name=\"twitter:label1\" content=\"Escrit per\" \/>\n\t<meta name=\"twitter:data1\" content=\"f1c2b02a1225\" \/>\n\t<meta name=\"twitter:label2\" content=\"Temps estimat de lectura\" \/>\n\t<meta name=\"twitter:data2\" content=\"2 minuts\" \/>\n<script type=\"application\/ld+json\" class=\"yoast-schema-graph\">{\"@context\":\"https:\\\/\\\/schema.org\",\"@graph\":[{\"@type\":\"Article\",\"@id\":\"https:\\\/\\\/www.plamarcell.cat\\\/web\\\/sortida-inici-de-curs-parc-dels-pinetons\\\/#article\",\"isPartOf\":{\"@id\":\"https:\\\/\\\/www.plamarcell.cat\\\/web\\\/sortida-inici-de-curs-parc-dels-pinetons\\\/\"},\"author\":{\"name\":\"f1c2b02a1225\",\"@id\":\"https:\\\/\\\/www.plamarcell.cat\\\/web\\\/#\\\/schema\\\/person\\\/6faa91fae89974b76b20b7702d1920da\"},\"headline\":\"Sortida d&#8217;inici de curs: Parc dels Pinetons\",\"datePublished\":\"2025-10-30T17:45:14+00:00\",\"dateModified\":\"2025-10-31T12:37:24+00:00\",\"mainEntityOfPage\":{\"@id\":\"https:\\\/\\\/www.plamarcell.cat\\\/web\\\/sortida-inici-de-curs-parc-dels-pinetons\\\/\"},\"wordCount\":279,\"publisher\":{\"@id\":\"https:\\\/\\\/www.plamarcell.cat\\\/web\\\/#organization\"},\"image\":{\"@id\":\"https:\\\/\\\/www.plamarcell.cat\\\/web\\\/sortida-inici-de-curs-parc-dels-pinetons\\\/#primaryimage\"},\"thumbnailUrl\":\"https:\\\/\\\/www.plamarcell.cat\\\/web\\\/wp-content\\\/uploads\\\/2025\\\/10\\\/foto-capcalera-scaled.jpg\",\"keywords\":[\"APSD\",\"Cicles Formatius\",\"Educaci\u00f3 Infantil\",\"Integraci\u00f3 Social\"],\"articleSection\":[\"Cicles Formatius\",\"P\u00e0gina d'inici\"],\"inLanguage\":\"ca\"},{\"@type\":\"WebPage\",\"@id\":\"https:\\\/\\\/www.plamarcell.cat\\\/web\\\/sortida-inici-de-curs-parc-dels-pinetons\\\/\",\"url\":\"https:\\\/\\\/www.plamarcell.cat\\\/web\\\/sortida-inici-de-curs-parc-dels-pinetons\\\/\",\"name\":\"Sortida d'inici de curs: Parc dels Pinetons - Institut Pla Marcell\",\"isPartOf\":{\"@id\":\"https:\\\/\\\/www.plamarcell.cat\\\/web\\\/#website\"},\"primaryImageOfPage\":{\"@id\":\"https:\\\/\\\/www.plamarcell.cat\\\/web\\\/sortida-inici-de-curs-parc-dels-pinetons\\\/#primaryimage\"},\"image\":{\"@id\":\"https:\\\/\\\/www.plamarcell.cat\\\/web\\\/sortida-inici-de-curs-parc-dels-pinetons\\\/#primaryimage\"},\"thumbnailUrl\":\"https:\\\/\\\/www.plamarcell.cat\\\/web\\\/wp-content\\\/uploads\\\/2025\\\/10\\\/foto-capcalera-scaled.jpg\",\"datePublished\":\"2025-10-30T17:45:14+00:00\",\"dateModified\":\"2025-10-31T12:37:24+00:00\",\"breadcrumb\":{\"@id\":\"https:\\\/\\\/www.plamarcell.cat\\\/web\\\/sortida-inici-de-curs-parc-dels-pinetons\\\/#breadcrumb\"},\"inLanguage\":\"ca\",\"potentialAction\":[{\"@type\":\"ReadAction\",\"target\":[\"https:\\\/\\\/www.plamarcell.cat\\\/web\\\/sortida-inici-de-curs-parc-dels-pinetons\\\/\"]}]},{\"@type\":\"ImageObject\",\"inLanguage\":\"ca\",\"@id\":\"https:\\\/\\\/www.plamarcell.cat\\\/web\\\/sortida-inici-de-curs-parc-dels-pinetons\\\/#primaryimage\",\"url\":\"https:\\\/\\\/www.plamarcell.cat\\\/web\\\/wp-content\\\/uploads\\\/2025\\\/10\\\/foto-capcalera-scaled.jpg\",\"contentUrl\":\"https:\\\/\\\/www.plamarcell.cat\\\/web\\\/wp-content\\\/uploads\\\/2025\\\/10\\\/foto-capcalera-scaled.jpg\",\"width\":2560,\"height\":1928},{\"@type\":\"BreadcrumbList\",\"@id\":\"https:\\\/\\\/www.plamarcell.cat\\\/web\\\/sortida-inici-de-curs-parc-dels-pinetons\\\/#breadcrumb\",\"itemListElement\":[{\"@type\":\"ListItem\",\"position\":1,\"name\":\"Inici\",\"item\":\"https:\\\/\\\/www.plamarcell.cat\\\/web\\\/\"},{\"@type\":\"ListItem\",\"position\":2,\"name\":\"Sortida d&#8217;inici de curs: Parc dels Pinetons\"}]},{\"@type\":\"WebSite\",\"@id\":\"https:\\\/\\\/www.plamarcell.cat\\\/web\\\/#website\",\"url\":\"https:\\\/\\\/www.plamarcell.cat\\\/web\\\/\",\"name\":\"Institut Pla Marcell\",\"description\":\"Decidir, conviure i aprendre\",\"publisher\":{\"@id\":\"https:\\\/\\\/www.plamarcell.cat\\\/web\\\/#organization\"},\"potentialAction\":[{\"@type\":\"SearchAction\",\"target\":{\"@type\":\"EntryPoint\",\"urlTemplate\":\"https:\\\/\\\/www.plamarcell.cat\\\/web\\\/?s={search_term_string}\"},\"query-input\":{\"@type\":\"PropertyValueSpecification\",\"valueRequired\":true,\"valueName\":\"search_term_string\"}}],\"inLanguage\":\"ca\"},{\"@type\":\"Organization\",\"@id\":\"https:\\\/\\\/www.plamarcell.cat\\\/web\\\/#organization\",\"name\":\"Institut Pla Marcell\",\"url\":\"https:\\\/\\\/www.plamarcell.cat\\\/web\\\/\",\"logo\":{\"@type\":\"ImageObject\",\"inLanguage\":\"ca\",\"@id\":\"https:\\\/\\\/www.plamarcell.cat\\\/web\\\/#\\\/schema\\\/logo\\\/image\\\/\",\"url\":\"https:\\\/\\\/www.plamarcell.cat\\\/web\\\/wp-content\\\/uploads\\\/2025\\\/03\\\/ima-Logo-header-1.png\",\"contentUrl\":\"https:\\\/\\\/www.plamarcell.cat\\\/web\\\/wp-content\\\/uploads\\\/2025\\\/03\\\/ima-Logo-header-1.png\",\"width\":1200,\"height\":700,\"caption\":\"Institut Pla Marcell\"},\"image\":{\"@id\":\"https:\\\/\\\/www.plamarcell.cat\\\/web\\\/#\\\/schema\\\/logo\\\/image\\\/\"},\"sameAs\":[\"https:\\\/\\\/www.instagram.com\\\/pla.marcell\\\/\"]},{\"@type\":\"Person\",\"@id\":\"https:\\\/\\\/www.plamarcell.cat\\\/web\\\/#\\\/schema\\\/person\\\/6faa91fae89974b76b20b7702d1920da\",\"name\":\"f1c2b02a1225\",\"image\":{\"@type\":\"ImageObject\",\"inLanguage\":\"ca\",\"@id\":\"https:\\\/\\\/secure.gravatar.com\\\/avatar\\\/5b488f4f1a77d45180bbae5938ab699df692d0c9f43fa4ebd195ac2b5c4678bd?s=96&d=mm&r=g\",\"url\":\"https:\\\/\\\/secure.gravatar.com\\\/avatar\\\/5b488f4f1a77d45180bbae5938ab699df692d0c9f43fa4ebd195ac2b5c4678bd?s=96&d=mm&r=g\",\"contentUrl\":\"https:\\\/\\\/secure.gravatar.com\\\/avatar\\\/5b488f4f1a77d45180bbae5938ab699df692d0c9f43fa4ebd195ac2b5c4678bd?s=96&d=mm&r=g\",\"caption\":\"f1c2b02a1225\"},\"sameAs\":[\"http:\\\/\\\/plamarcell.com.mialias.net\"],\"url\":\"https:\\\/\\\/www.plamarcell.cat\\\/web\\\/author\\\/f1c2b02a1225\\\/\"}]}<\/script>\n<!-- \/ Yoast SEO plugin. -->","yoast_head_json":{"title":"Sortida d'inici de curs: Parc dels Pinetons - Institut Pla Marcell","robots":{"index":"index","follow":"follow","max-snippet":"max-snippet:-1","max-image-preview":"max-image-preview:large","max-video-preview":"max-video-preview:-1"},"canonical":"https:\/\/www.plamarcell.cat\/web\/sortida-inici-de-curs-parc-dels-pinetons\/","og_locale":"ca_ES","og_type":"article","og_title":"Sortida d'inici de curs: Parc dels Pinetons - Institut Pla Marcell","og_description":"L\u2019alumnat de 2n dels Cicles Formatius de Grau Mitj\u00e0 d\u2019Atenci\u00f3 a les Persones en Situaci\u00f3 de Depend\u00e8ncia i de Grau Superior d\u2019Educaci\u00f3 Infantil i Integraci\u00f3 Social de l\u2019Institut Pla Marcell ha dissenyat i dinamitzat els, ja tradicionals, jocs de coneixen\u00e7a adre\u00e7ats a l\u2019alumnat de 1r. L\u2019activitat es va dur a terme al Parc dels Pinetons. [&hellip;]","og_url":"https:\/\/www.plamarcell.cat\/web\/sortida-inici-de-curs-parc-dels-pinetons\/","og_site_name":"Institut Pla Marcell","article_published_time":"2025-10-30T17:45:14+00:00","article_modified_time":"2025-10-31T12:37:24+00:00","og_image":[{"width":1030,"height":776,"url":"https:\/\/www.plamarcell.cat\/web\/wp-content\/uploads\/2025\/10\/foto-capcalera-1030x776.jpg","type":"image\/jpeg"}],"author":"f1c2b02a1225","twitter_card":"summary_large_image","twitter_misc":{"Escrit per":"f1c2b02a1225","Temps estimat de lectura":"2 minuts"},"schema":{"@context":"https:\/\/schema.org","@graph":[{"@type":"Article","@id":"https:\/\/www.plamarcell.cat\/web\/sortida-inici-de-curs-parc-dels-pinetons\/#article","isPartOf":{"@id":"https:\/\/www.plamarcell.cat\/web\/sortida-inici-de-curs-parc-dels-pinetons\/"},"author":{"name":"f1c2b02a1225","@id":"https:\/\/www.plamarcell.cat\/web\/#\/schema\/person\/6faa91fae89974b76b20b7702d1920da"},"headline":"Sortida d&#8217;inici de curs: Parc dels Pinetons","datePublished":"2025-10-30T17:45:14+00:00","dateModified":"2025-10-31T12:37:24+00:00","mainEntityOfPage":{"@id":"https:\/\/www.plamarcell.cat\/web\/sortida-inici-de-curs-parc-dels-pinetons\/"},"wordCount":279,"publisher":{"@id":"https:\/\/www.plamarcell.cat\/web\/#organization"},"image":{"@id":"https:\/\/www.plamarcell.cat\/web\/sortida-inici-de-curs-parc-dels-pinetons\/#primaryimage"},"thumbnailUrl":"https:\/\/www.plamarcell.cat\/web\/wp-content\/uploads\/2025\/10\/foto-capcalera-scaled.jpg","keywords":["APSD","Cicles Formatius","Educaci\u00f3 Infantil","Integraci\u00f3 Social"],"articleSection":["Cicles Formatius","P\u00e0gina d'inici"],"inLanguage":"ca"},{"@type":"WebPage","@id":"https:\/\/www.plamarcell.cat\/web\/sortida-inici-de-curs-parc-dels-pinetons\/","url":"https:\/\/www.plamarcell.cat\/web\/sortida-inici-de-curs-parc-dels-pinetons\/","name":"Sortida d'inici de curs: Parc dels Pinetons - Institut Pla Marcell","isPartOf":{"@id":"https:\/\/www.plamarcell.cat\/web\/#website"},"primaryImageOfPage":{"@id":"https:\/\/www.plamarcell.cat\/web\/sortida-inici-de-curs-parc-dels-pinetons\/#primaryimage"},"image":{"@id":"https:\/\/www.plamarcell.cat\/web\/sortida-inici-de-curs-parc-dels-pinetons\/#primaryimage"},"thumbnailUrl":"https:\/\/www.plamarcell.cat\/web\/wp-content\/uploads\/2025\/10\/foto-capcalera-scaled.jpg","datePublished":"2025-10-30T17:45:14+00:00","dateModified":"2025-10-31T12:37:24+00:00","breadcrumb":{"@id":"https:\/\/www.plamarcell.cat\/web\/sortida-inici-de-curs-parc-dels-pinetons\/#breadcrumb"},"inLanguage":"ca","potentialAction":[{"@type":"ReadAction","target":["https:\/\/www.plamarcell.cat\/web\/sortida-inici-de-curs-parc-dels-pinetons\/"]}]},{"@type":"ImageObject","inLanguage":"ca","@id":"https:\/\/www.plamarcell.cat\/web\/sortida-inici-de-curs-parc-dels-pinetons\/#primaryimage","url":"https:\/\/www.plamarcell.cat\/web\/wp-content\/uploads\/2025\/10\/foto-capcalera-scaled.jpg","contentUrl":"https:\/\/www.plamarcell.cat\/web\/wp-content\/uploads\/2025\/10\/foto-capcalera-scaled.jpg","width":2560,"height":1928},{"@type":"BreadcrumbList","@id":"https:\/\/www.plamarcell.cat\/web\/sortida-inici-de-curs-parc-dels-pinetons\/#breadcrumb","itemListElement":[{"@type":"ListItem","position":1,"name":"Inici","item":"https:\/\/www.plamarcell.cat\/web\/"},{"@type":"ListItem","position":2,"name":"Sortida d&#8217;inici de curs: Parc dels Pinetons"}]},{"@type":"WebSite","@id":"https:\/\/www.plamarcell.cat\/web\/#website","url":"https:\/\/www.plamarcell.cat\/web\/","name":"Institut Pla Marcell","description":"Decidir, conviure i aprendre","publisher":{"@id":"https:\/\/www.plamarcell.cat\/web\/#organization"},"potentialAction":[{"@type":"SearchAction","target":{"@type":"EntryPoint","urlTemplate":"https:\/\/www.plamarcell.cat\/web\/?s={search_term_string}"},"query-input":{"@type":"PropertyValueSpecification","valueRequired":true,"valueName":"search_term_string"}}],"inLanguage":"ca"},{"@type":"Organization","@id":"https:\/\/www.plamarcell.cat\/web\/#organization","name":"Institut Pla Marcell","url":"https:\/\/www.plamarcell.cat\/web\/","logo":{"@type":"ImageObject","inLanguage":"ca","@id":"https:\/\/www.plamarcell.cat\/web\/#\/schema\/logo\/image\/","url":"https:\/\/www.plamarcell.cat\/web\/wp-content\/uploads\/2025\/03\/ima-Logo-header-1.png","contentUrl":"https:\/\/www.plamarcell.cat\/web\/wp-content\/uploads\/2025\/03\/ima-Logo-header-1.png","width":1200,"height":700,"caption":"Institut Pla Marcell"},"image":{"@id":"https:\/\/www.plamarcell.cat\/web\/#\/schema\/logo\/image\/"},"sameAs":["https:\/\/www.instagram.com\/pla.marcell\/"]},{"@type":"Person","@id":"https:\/\/www.plamarcell.cat\/web\/#\/schema\/person\/6faa91fae89974b76b20b7702d1920da","name":"f1c2b02a1225","image":{"@type":"ImageObject","inLanguage":"ca","@id":"https:\/\/secure.gravatar.com\/avatar\/5b488f4f1a77d45180bbae5938ab699df692d0c9f43fa4ebd195ac2b5c4678bd?s=96&d=mm&r=g","url":"https:\/\/secure.gravatar.com\/avatar\/5b488f4f1a77d45180bbae5938ab699df692d0c9f43fa4ebd195ac2b5c4678bd?s=96&d=mm&r=g","contentUrl":"https:\/\/secure.gravatar.com\/avatar\/5b488f4f1a77d45180bbae5938ab699df692d0c9f43fa4ebd195ac2b5c4678bd?s=96&d=mm&r=g","caption":"f1c2b02a1225"},"sameAs":["http:\/\/plamarcell.com.mialias.net"],"url":"https:\/\/www.plamarcell.cat\/web\/author\/f1c2b02a1225\/"}]}},"jetpack_publicize_connections":[],"_links":{"self":[{"href":"https:\/\/www.plamarcell.cat\/web\/wp-json\/wp\/v2\/posts\/4794","targetHints":{"allow":["GET"]}}],"collection":[{"href":"https:\/\/www.plamarcell.cat\/web\/wp-json\/wp\/v2\/posts"}],"about":[{"href":"https:\/\/www.plamarcell.cat\/web\/wp-json\/wp\/v2\/types\/post"}],"author":[{"embeddable":true,"href":"https:\/\/www.plamarcell.cat\/web\/wp-json\/wp\/v2\/users\/1"}],"replies":[{"embeddable":true,"href":"https:\/\/www.plamarcell.cat\/web\/wp-json\/wp\/v2\/comments?post=4794"}],"version-history":[{"count":26,"href":"https:\/\/www.plamarcell.cat\/web\/wp-json\/wp\/v2\/posts\/4794\/revisions"}],"predecessor-version":[{"id":4982,"href":"https:\/\/www.plamarcell.cat\/web\/wp-json\/wp\/v2\/posts\/4794\/revisions\/4982"}],"wp:featuredmedia":[{"embeddable":true,"href":"https:\/\/www.plamarcell.cat\/web\/wp-json\/wp\/v2\/media\/4979"}],"wp:attachment":[{"href":"https:\/\/www.plamarcell.cat\/web\/wp-json\/wp\/v2\/media?parent=4794"}],"wp:term":[{"taxonomy":"category","embeddable":true,"href":"https:\/\/www.plamarcell.cat\/web\/wp-json\/wp\/v2\/categories?post=4794"},{"taxonomy":"post_tag","embeddable":true,"href":"https:\/\/www.plamarcell.cat\/web\/wp-json\/wp\/v2\/tags?post=4794"}],"curies":[{"name":"wp","href":"https:\/\/api.w.org\/{rel}","templated":true}]}}