{"id":4871,"date":"2025-10-05T12:16:38","date_gmt":"2025-10-05T10:16:38","guid":{"rendered":"https:\/\/www.plamarcell.cat\/web\/?p=4871"},"modified":"2025-10-05T12:17:14","modified_gmt":"2025-10-05T10:17:14","slug":"comencem-temporada-amb-lambaixada-cultural-del-pla","status":"publish","type":"post","link":"https:\/\/www.plamarcell.cat\/web\/comencem-temporada-amb-lambaixada-cultural-del-pla\/","title":{"rendered":"Comencem temporada amb l&#8217;ambaixada cultural del Pla\u00a0"},"content":{"rendered":"\n<p>L&#8217;ambaixada cultural del Pla ahir va estrenar temporada i va poder gaudir de Les mares de Fel Faixedas i Carles Xuriguera. L&#8217;obra \u00e9s un homenatge a les dones d\u2019una generaci\u00f3 marcada per la postguerra, un retrat entranyable, per\u00f2 tamb\u00e9 \u00e9s la visi\u00f3 de dues mares sobre els seus fills c\u00f2mics. Gr\u00e0cies, TAC, per tornar-nos a acollir!<\/p>\n\n\n\n<figure class=\"wp-block-image size-large\"><img loading=\"lazy\" decoding=\"async\" width=\"1030\" height=\"775\" src=\"https:\/\/www.plamarcell.cat\/web\/wp-content\/uploads\/2025\/10\/AMBAIXADA-1-1030x775.jpg\" alt=\"\" class=\"wp-image-4872\" srcset=\"https:\/\/www.plamarcell.cat\/web\/wp-content\/uploads\/2025\/10\/AMBAIXADA-1-1030x775.jpg 1030w, https:\/\/www.plamarcell.cat\/web\/wp-content\/uploads\/2025\/10\/AMBAIXADA-1-300x226.jpg 300w, https:\/\/www.plamarcell.cat\/web\/wp-content\/uploads\/2025\/10\/AMBAIXADA-1-768x578.jpg 768w, https:\/\/www.plamarcell.cat\/web\/wp-content\/uploads\/2025\/10\/AMBAIXADA-1-1536x1156.jpg 1536w, https:\/\/www.plamarcell.cat\/web\/wp-content\/uploads\/2025\/10\/AMBAIXADA-1-1500x1129.jpg 1500w, https:\/\/www.plamarcell.cat\/web\/wp-content\/uploads\/2025\/10\/AMBAIXADA-1-705x531.jpg 705w, https:\/\/www.plamarcell.cat\/web\/wp-content\/uploads\/2025\/10\/AMBAIXADA-1.jpg 1600w\" sizes=\"auto, (max-width: 1030px) 100vw, 1030px\" \/><\/figure>\n","protected":false},"excerpt":{"rendered":"<p>L&#8217;ambaixada cultural del Pla ahir va estrenar temporada i va poder gaudir de Les mares de Fel Faixedas i Carles Xuriguera. L&#8217;obra \u00e9s un homenatge a les dones d\u2019una generaci\u00f3 marcada per la postguerra, un retrat entranyable, per\u00f2 tamb\u00e9 \u00e9s la visi\u00f3 de dues mares sobre els seus fills c\u00f2mics. Gr\u00e0cies, TAC, per tornar-nos a [&hellip;]<\/p>\n","protected":false},"author":1,"featured_media":4880,"comment_status":"closed","ping_status":"closed","sticky":false,"template":"","format":"standard","meta":{"footnotes":"","jetpack_publicize_message":"","jetpack_publicize_feature_enabled":true,"jetpack_social_post_already_shared":false,"jetpack_social_options":{"image_generator_settings":{"template":"highway","default_image_id":0,"font":"","enabled":false},"version":2}},"categories":[32],"tags":[36,25],"class_list":["post-4871","post","type-post","status-publish","format-standard","has-post-thumbnail","hentry","category-eso","tag-ambaixada","tag-eso"],"yoast_head":"<!-- This site is optimized with the Yoast SEO plugin v27.4 - https:\/\/yoast.com\/product\/yoast-seo-wordpress\/ -->\n<title>Comencem temporada amb l&#039;ambaixada cultural del Pla\u00a0 - Institut Pla Marcell<\/title>\n<meta name=\"robots\" content=\"index, follow, max-snippet:-1, max-image-preview:large, max-video-preview:-1\" \/>\n<link rel=\"canonical\" href=\"https:\/\/www.plamarcell.cat\/web\/comencem-temporada-amb-lambaixada-cultural-del-pla\/\" \/>\n<meta property=\"og:locale\" content=\"ca_ES\" \/>\n<meta property=\"og:type\" content=\"article\" \/>\n<meta property=\"og:title\" content=\"Comencem temporada amb l&#039;ambaixada cultural del Pla\u00a0 - Institut Pla Marcell\" \/>\n<meta property=\"og:description\" content=\"L&#8217;ambaixada cultural del Pla ahir va estrenar temporada i va poder gaudir de Les mares de Fel Faixedas i Carles Xuriguera. L&#8217;obra \u00e9s un homenatge a les dones d\u2019una generaci\u00f3 marcada per la postguerra, un retrat entranyable, per\u00f2 tamb\u00e9 \u00e9s la visi\u00f3 de dues mares sobre els seus fills c\u00f2mics. Gr\u00e0cies, TAC, per tornar-nos a [&hellip;]\" \/>\n<meta property=\"og:url\" content=\"https:\/\/www.plamarcell.cat\/web\/comencem-temporada-amb-lambaixada-cultural-del-pla\/\" \/>\n<meta property=\"og:site_name\" content=\"Institut Pla Marcell\" \/>\n<meta property=\"article:published_time\" content=\"2025-10-05T10:16:38+00:00\" \/>\n<meta property=\"article:modified_time\" content=\"2025-10-05T10:17:14+00:00\" \/>\n<meta property=\"og:image\" content=\"https:\/\/www.plamarcell.cat\/web\/wp-content\/uploads\/2025\/10\/Captura-de-pantalla-2025-10-05-a-las-12.10.22.png\" \/>\n\t<meta property=\"og:image:width\" content=\"1342\" \/>\n\t<meta property=\"og:image:height\" content=\"664\" \/>\n\t<meta property=\"og:image:type\" content=\"image\/png\" \/>\n<meta name=\"author\" content=\"f1c2b02a1225\" \/>\n<meta name=\"twitter:card\" content=\"summary_large_image\" \/>\n<meta name=\"twitter:label1\" content=\"Escrit per\" \/>\n\t<meta name=\"twitter:data1\" content=\"f1c2b02a1225\" \/>\n\t<meta name=\"twitter:label2\" content=\"Temps estimat de lectura\" \/>\n\t<meta name=\"twitter:data2\" content=\"1 minut\" \/>\n<script type=\"application\/ld+json\" class=\"yoast-schema-graph\">{\"@context\":\"https:\\\/\\\/schema.org\",\"@graph\":[{\"@type\":\"Article\",\"@id\":\"https:\\\/\\\/www.plamarcell.cat\\\/web\\\/comencem-temporada-amb-lambaixada-cultural-del-pla\\\/#article\",\"isPartOf\":{\"@id\":\"https:\\\/\\\/www.plamarcell.cat\\\/web\\\/comencem-temporada-amb-lambaixada-cultural-del-pla\\\/\"},\"author\":{\"name\":\"f1c2b02a1225\",\"@id\":\"https:\\\/\\\/www.plamarcell.cat\\\/web\\\/#\\\/schema\\\/person\\\/6faa91fae89974b76b20b7702d1920da\"},\"headline\":\"Comencem temporada amb l&#8217;ambaixada cultural del Pla\u00a0\",\"datePublished\":\"2025-10-05T10:16:38+00:00\",\"dateModified\":\"2025-10-05T10:17:14+00:00\",\"mainEntityOfPage\":{\"@id\":\"https:\\\/\\\/www.plamarcell.cat\\\/web\\\/comencem-temporada-amb-lambaixada-cultural-del-pla\\\/\"},\"wordCount\":69,\"publisher\":{\"@id\":\"https:\\\/\\\/www.plamarcell.cat\\\/web\\\/#organization\"},\"image\":{\"@id\":\"https:\\\/\\\/www.plamarcell.cat\\\/web\\\/comencem-temporada-amb-lambaixada-cultural-del-pla\\\/#primaryimage\"},\"thumbnailUrl\":\"https:\\\/\\\/www.plamarcell.cat\\\/web\\\/wp-content\\\/uploads\\\/2025\\\/10\\\/Captura-de-pantalla-2025-10-05-a-las-12.10.22.png\",\"keywords\":[\"AMBAIXADA\",\"ESO\"],\"articleSection\":[\"ESO\"],\"inLanguage\":\"ca\"},{\"@type\":\"WebPage\",\"@id\":\"https:\\\/\\\/www.plamarcell.cat\\\/web\\\/comencem-temporada-amb-lambaixada-cultural-del-pla\\\/\",\"url\":\"https:\\\/\\\/www.plamarcell.cat\\\/web\\\/comencem-temporada-amb-lambaixada-cultural-del-pla\\\/\",\"name\":\"Comencem temporada amb l'ambaixada cultural del Pla\u00a0 - Institut Pla Marcell\",\"isPartOf\":{\"@id\":\"https:\\\/\\\/www.plamarcell.cat\\\/web\\\/#website\"},\"primaryImageOfPage\":{\"@id\":\"https:\\\/\\\/www.plamarcell.cat\\\/web\\\/comencem-temporada-amb-lambaixada-cultural-del-pla\\\/#primaryimage\"},\"image\":{\"@id\":\"https:\\\/\\\/www.plamarcell.cat\\\/web\\\/comencem-temporada-amb-lambaixada-cultural-del-pla\\\/#primaryimage\"},\"thumbnailUrl\":\"https:\\\/\\\/www.plamarcell.cat\\\/web\\\/wp-content\\\/uploads\\\/2025\\\/10\\\/Captura-de-pantalla-2025-10-05-a-las-12.10.22.png\",\"datePublished\":\"2025-10-05T10:16:38+00:00\",\"dateModified\":\"2025-10-05T10:17:14+00:00\",\"breadcrumb\":{\"@id\":\"https:\\\/\\\/www.plamarcell.cat\\\/web\\\/comencem-temporada-amb-lambaixada-cultural-del-pla\\\/#breadcrumb\"},\"inLanguage\":\"ca\",\"potentialAction\":[{\"@type\":\"ReadAction\",\"target\":[\"https:\\\/\\\/www.plamarcell.cat\\\/web\\\/comencem-temporada-amb-lambaixada-cultural-del-pla\\\/\"]}]},{\"@type\":\"ImageObject\",\"inLanguage\":\"ca\",\"@id\":\"https:\\\/\\\/www.plamarcell.cat\\\/web\\\/comencem-temporada-amb-lambaixada-cultural-del-pla\\\/#primaryimage\",\"url\":\"https:\\\/\\\/www.plamarcell.cat\\\/web\\\/wp-content\\\/uploads\\\/2025\\\/10\\\/Captura-de-pantalla-2025-10-05-a-las-12.10.22.png\",\"contentUrl\":\"https:\\\/\\\/www.plamarcell.cat\\\/web\\\/wp-content\\\/uploads\\\/2025\\\/10\\\/Captura-de-pantalla-2025-10-05-a-las-12.10.22.png\",\"width\":1342,\"height\":664},{\"@type\":\"BreadcrumbList\",\"@id\":\"https:\\\/\\\/www.plamarcell.cat\\\/web\\\/comencem-temporada-amb-lambaixada-cultural-del-pla\\\/#breadcrumb\",\"itemListElement\":[{\"@type\":\"ListItem\",\"position\":1,\"name\":\"Inici\",\"item\":\"https:\\\/\\\/www.plamarcell.cat\\\/web\\\/\"},{\"@type\":\"ListItem\",\"position\":2,\"name\":\"Comencem temporada amb l&#8217;ambaixada cultural del Pla\u00a0\"}]},{\"@type\":\"WebSite\",\"@id\":\"https:\\\/\\\/www.plamarcell.cat\\\/web\\\/#website\",\"url\":\"https:\\\/\\\/www.plamarcell.cat\\\/web\\\/\",\"name\":\"Institut Pla Marcell\",\"description\":\"Decidir, conviure i aprendre\",\"publisher\":{\"@id\":\"https:\\\/\\\/www.plamarcell.cat\\\/web\\\/#organization\"},\"potentialAction\":[{\"@type\":\"SearchAction\",\"target\":{\"@type\":\"EntryPoint\",\"urlTemplate\":\"https:\\\/\\\/www.plamarcell.cat\\\/web\\\/?s={search_term_string}\"},\"query-input\":{\"@type\":\"PropertyValueSpecification\",\"valueRequired\":true,\"valueName\":\"search_term_string\"}}],\"inLanguage\":\"ca\"},{\"@type\":\"Organization\",\"@id\":\"https:\\\/\\\/www.plamarcell.cat\\\/web\\\/#organization\",\"name\":\"Institut Pla Marcell\",\"url\":\"https:\\\/\\\/www.plamarcell.cat\\\/web\\\/\",\"logo\":{\"@type\":\"ImageObject\",\"inLanguage\":\"ca\",\"@id\":\"https:\\\/\\\/www.plamarcell.cat\\\/web\\\/#\\\/schema\\\/logo\\\/image\\\/\",\"url\":\"https:\\\/\\\/www.plamarcell.cat\\\/web\\\/wp-content\\\/uploads\\\/2025\\\/03\\\/ima-Logo-header-1.png\",\"contentUrl\":\"https:\\\/\\\/www.plamarcell.cat\\\/web\\\/wp-content\\\/uploads\\\/2025\\\/03\\\/ima-Logo-header-1.png\",\"width\":1200,\"height\":700,\"caption\":\"Institut Pla Marcell\"},\"image\":{\"@id\":\"https:\\\/\\\/www.plamarcell.cat\\\/web\\\/#\\\/schema\\\/logo\\\/image\\\/\"},\"sameAs\":[\"https:\\\/\\\/www.instagram.com\\\/pla.marcell\\\/\"]},{\"@type\":\"Person\",\"@id\":\"https:\\\/\\\/www.plamarcell.cat\\\/web\\\/#\\\/schema\\\/person\\\/6faa91fae89974b76b20b7702d1920da\",\"name\":\"f1c2b02a1225\",\"image\":{\"@type\":\"ImageObject\",\"inLanguage\":\"ca\",\"@id\":\"https:\\\/\\\/secure.gravatar.com\\\/avatar\\\/5b488f4f1a77d45180bbae5938ab699df692d0c9f43fa4ebd195ac2b5c4678bd?s=96&d=mm&r=g\",\"url\":\"https:\\\/\\\/secure.gravatar.com\\\/avatar\\\/5b488f4f1a77d45180bbae5938ab699df692d0c9f43fa4ebd195ac2b5c4678bd?s=96&d=mm&r=g\",\"contentUrl\":\"https:\\\/\\\/secure.gravatar.com\\\/avatar\\\/5b488f4f1a77d45180bbae5938ab699df692d0c9f43fa4ebd195ac2b5c4678bd?s=96&d=mm&r=g\",\"caption\":\"f1c2b02a1225\"},\"sameAs\":[\"http:\\\/\\\/plamarcell.com.mialias.net\"],\"url\":\"https:\\\/\\\/www.plamarcell.cat\\\/web\\\/author\\\/f1c2b02a1225\\\/\"}]}<\/script>\n<!-- \/ Yoast SEO plugin. -->","yoast_head_json":{"title":"Comencem temporada amb l'ambaixada cultural del Pla\u00a0 - Institut Pla Marcell","robots":{"index":"index","follow":"follow","max-snippet":"max-snippet:-1","max-image-preview":"max-image-preview:large","max-video-preview":"max-video-preview:-1"},"canonical":"https:\/\/www.plamarcell.cat\/web\/comencem-temporada-amb-lambaixada-cultural-del-pla\/","og_locale":"ca_ES","og_type":"article","og_title":"Comencem temporada amb l'ambaixada cultural del Pla\u00a0 - Institut Pla Marcell","og_description":"L&#8217;ambaixada cultural del Pla ahir va estrenar temporada i va poder gaudir de Les mares de Fel Faixedas i Carles Xuriguera. L&#8217;obra \u00e9s un homenatge a les dones d\u2019una generaci\u00f3 marcada per la postguerra, un retrat entranyable, per\u00f2 tamb\u00e9 \u00e9s la visi\u00f3 de dues mares sobre els seus fills c\u00f2mics. Gr\u00e0cies, TAC, per tornar-nos a [&hellip;]","og_url":"https:\/\/www.plamarcell.cat\/web\/comencem-temporada-amb-lambaixada-cultural-del-pla\/","og_site_name":"Institut Pla Marcell","article_published_time":"2025-10-05T10:16:38+00:00","article_modified_time":"2025-10-05T10:17:14+00:00","og_image":[{"width":1342,"height":664,"url":"https:\/\/www.plamarcell.cat\/web\/wp-content\/uploads\/2025\/10\/Captura-de-pantalla-2025-10-05-a-las-12.10.22.png","type":"image\/png"}],"author":"f1c2b02a1225","twitter_card":"summary_large_image","twitter_misc":{"Escrit per":"f1c2b02a1225","Temps estimat de lectura":"1 minut"},"schema":{"@context":"https:\/\/schema.org","@graph":[{"@type":"Article","@id":"https:\/\/www.plamarcell.cat\/web\/comencem-temporada-amb-lambaixada-cultural-del-pla\/#article","isPartOf":{"@id":"https:\/\/www.plamarcell.cat\/web\/comencem-temporada-amb-lambaixada-cultural-del-pla\/"},"author":{"name":"f1c2b02a1225","@id":"https:\/\/www.plamarcell.cat\/web\/#\/schema\/person\/6faa91fae89974b76b20b7702d1920da"},"headline":"Comencem temporada amb l&#8217;ambaixada cultural del Pla\u00a0","datePublished":"2025-10-05T10:16:38+00:00","dateModified":"2025-10-05T10:17:14+00:00","mainEntityOfPage":{"@id":"https:\/\/www.plamarcell.cat\/web\/comencem-temporada-amb-lambaixada-cultural-del-pla\/"},"wordCount":69,"publisher":{"@id":"https:\/\/www.plamarcell.cat\/web\/#organization"},"image":{"@id":"https:\/\/www.plamarcell.cat\/web\/comencem-temporada-amb-lambaixada-cultural-del-pla\/#primaryimage"},"thumbnailUrl":"https:\/\/www.plamarcell.cat\/web\/wp-content\/uploads\/2025\/10\/Captura-de-pantalla-2025-10-05-a-las-12.10.22.png","keywords":["AMBAIXADA","ESO"],"articleSection":["ESO"],"inLanguage":"ca"},{"@type":"WebPage","@id":"https:\/\/www.plamarcell.cat\/web\/comencem-temporada-amb-lambaixada-cultural-del-pla\/","url":"https:\/\/www.plamarcell.cat\/web\/comencem-temporada-amb-lambaixada-cultural-del-pla\/","name":"Comencem temporada amb l'ambaixada cultural del Pla\u00a0 - Institut Pla Marcell","isPartOf":{"@id":"https:\/\/www.plamarcell.cat\/web\/#website"},"primaryImageOfPage":{"@id":"https:\/\/www.plamarcell.cat\/web\/comencem-temporada-amb-lambaixada-cultural-del-pla\/#primaryimage"},"image":{"@id":"https:\/\/www.plamarcell.cat\/web\/comencem-temporada-amb-lambaixada-cultural-del-pla\/#primaryimage"},"thumbnailUrl":"https:\/\/www.plamarcell.cat\/web\/wp-content\/uploads\/2025\/10\/Captura-de-pantalla-2025-10-05-a-las-12.10.22.png","datePublished":"2025-10-05T10:16:38+00:00","dateModified":"2025-10-05T10:17:14+00:00","breadcrumb":{"@id":"https:\/\/www.plamarcell.cat\/web\/comencem-temporada-amb-lambaixada-cultural-del-pla\/#breadcrumb"},"inLanguage":"ca","potentialAction":[{"@type":"ReadAction","target":["https:\/\/www.plamarcell.cat\/web\/comencem-temporada-amb-lambaixada-cultural-del-pla\/"]}]},{"@type":"ImageObject","inLanguage":"ca","@id":"https:\/\/www.plamarcell.cat\/web\/comencem-temporada-amb-lambaixada-cultural-del-pla\/#primaryimage","url":"https:\/\/www.plamarcell.cat\/web\/wp-content\/uploads\/2025\/10\/Captura-de-pantalla-2025-10-05-a-las-12.10.22.png","contentUrl":"https:\/\/www.plamarcell.cat\/web\/wp-content\/uploads\/2025\/10\/Captura-de-pantalla-2025-10-05-a-las-12.10.22.png","width":1342,"height":664},{"@type":"BreadcrumbList","@id":"https:\/\/www.plamarcell.cat\/web\/comencem-temporada-amb-lambaixada-cultural-del-pla\/#breadcrumb","itemListElement":[{"@type":"ListItem","position":1,"name":"Inici","item":"https:\/\/www.plamarcell.cat\/web\/"},{"@type":"ListItem","position":2,"name":"Comencem temporada amb l&#8217;ambaixada cultural del Pla\u00a0"}]},{"@type":"WebSite","@id":"https:\/\/www.plamarcell.cat\/web\/#website","url":"https:\/\/www.plamarcell.cat\/web\/","name":"Institut Pla Marcell","description":"Decidir, conviure i aprendre","publisher":{"@id":"https:\/\/www.plamarcell.cat\/web\/#organization"},"potentialAction":[{"@type":"SearchAction","target":{"@type":"EntryPoint","urlTemplate":"https:\/\/www.plamarcell.cat\/web\/?s={search_term_string}"},"query-input":{"@type":"PropertyValueSpecification","valueRequired":true,"valueName":"search_term_string"}}],"inLanguage":"ca"},{"@type":"Organization","@id":"https:\/\/www.plamarcell.cat\/web\/#organization","name":"Institut Pla Marcell","url":"https:\/\/www.plamarcell.cat\/web\/","logo":{"@type":"ImageObject","inLanguage":"ca","@id":"https:\/\/www.plamarcell.cat\/web\/#\/schema\/logo\/image\/","url":"https:\/\/www.plamarcell.cat\/web\/wp-content\/uploads\/2025\/03\/ima-Logo-header-1.png","contentUrl":"https:\/\/www.plamarcell.cat\/web\/wp-content\/uploads\/2025\/03\/ima-Logo-header-1.png","width":1200,"height":700,"caption":"Institut Pla Marcell"},"image":{"@id":"https:\/\/www.plamarcell.cat\/web\/#\/schema\/logo\/image\/"},"sameAs":["https:\/\/www.instagram.com\/pla.marcell\/"]},{"@type":"Person","@id":"https:\/\/www.plamarcell.cat\/web\/#\/schema\/person\/6faa91fae89974b76b20b7702d1920da","name":"f1c2b02a1225","image":{"@type":"ImageObject","inLanguage":"ca","@id":"https:\/\/secure.gravatar.com\/avatar\/5b488f4f1a77d45180bbae5938ab699df692d0c9f43fa4ebd195ac2b5c4678bd?s=96&d=mm&r=g","url":"https:\/\/secure.gravatar.com\/avatar\/5b488f4f1a77d45180bbae5938ab699df692d0c9f43fa4ebd195ac2b5c4678bd?s=96&d=mm&r=g","contentUrl":"https:\/\/secure.gravatar.com\/avatar\/5b488f4f1a77d45180bbae5938ab699df692d0c9f43fa4ebd195ac2b5c4678bd?s=96&d=mm&r=g","caption":"f1c2b02a1225"},"sameAs":["http:\/\/plamarcell.com.mialias.net"],"url":"https:\/\/www.plamarcell.cat\/web\/author\/f1c2b02a1225\/"}]}},"jetpack_publicize_connections":[],"_links":{"self":[{"href":"https:\/\/www.plamarcell.cat\/web\/wp-json\/wp\/v2\/posts\/4871","targetHints":{"allow":["GET"]}}],"collection":[{"href":"https:\/\/www.plamarcell.cat\/web\/wp-json\/wp\/v2\/posts"}],"about":[{"href":"https:\/\/www.plamarcell.cat\/web\/wp-json\/wp\/v2\/types\/post"}],"author":[{"embeddable":true,"href":"https:\/\/www.plamarcell.cat\/web\/wp-json\/wp\/v2\/users\/1"}],"replies":[{"embeddable":true,"href":"https:\/\/www.plamarcell.cat\/web\/wp-json\/wp\/v2\/comments?post=4871"}],"version-history":[{"count":1,"href":"https:\/\/www.plamarcell.cat\/web\/wp-json\/wp\/v2\/posts\/4871\/revisions"}],"predecessor-version":[{"id":4874,"href":"https:\/\/www.plamarcell.cat\/web\/wp-json\/wp\/v2\/posts\/4871\/revisions\/4874"}],"wp:featuredmedia":[{"embeddable":true,"href":"https:\/\/www.plamarcell.cat\/web\/wp-json\/wp\/v2\/media\/4880"}],"wp:attachment":[{"href":"https:\/\/www.plamarcell.cat\/web\/wp-json\/wp\/v2\/media?parent=4871"}],"wp:term":[{"taxonomy":"category","embeddable":true,"href":"https:\/\/www.plamarcell.cat\/web\/wp-json\/wp\/v2\/categories?post=4871"},{"taxonomy":"post_tag","embeddable":true,"href":"https:\/\/www.plamarcell.cat\/web\/wp-json\/wp\/v2\/tags?post=4871"}],"curies":[{"name":"wp","href":"https:\/\/api.w.org\/{rel}","templated":true}]}}