{"id":5007,"date":"2025-11-13T20:36:45","date_gmt":"2025-11-13T19:36:45","guid":{"rendered":"https:\/\/www.plamarcell.cat\/web\/?p=5007"},"modified":"2025-11-13T20:36:46","modified_gmt":"2025-11-13T19:36:46","slug":"setmana-de-la-ciencia","status":"publish","type":"post","link":"https:\/\/www.plamarcell.cat\/web\/setmana-de-la-ciencia\/","title":{"rendered":"Setmana de la Ci\u00e8ncia"},"content":{"rendered":"\n<p>Hem celebrat el dia de la ci\u00e8ncia a l&#8217;institut! Hem gaudit d&#8217;una jornada sencera organitzada per l&#8217;\u00e0mbit&nbsp;STEM i dedicada a enriquir i divulgar&nbsp;la cultura cient\u00edfica. Ha estat la primera vegada que s&#8217;ha organitzat amb aquest format!<\/p>\n\n\n\n<p>Hem comen\u00e7at muntant diversos tangrams, amb un telescopi final que ens ha perm\u00e8s descobrir el programa del dia. Tot seguit hem participat a l&#8217;Olimp\u00edada Bebras,&nbsp;concurs catal\u00e0 que busca nodrir, promoure i impulsar el pensament l\u00f2gic i computacional amb reptes diversos i divertits. Per rematar la primera franja hem fet unes lectures cient\u00edfiques, tant de f\u00edsica, com de mates, enginyeria, biologia, geologia&#8230;<\/p>\n\n\n\n<p>S\u00f3n les 9:00 del mat\u00ed. La policia cient\u00edfica ha estat cridada a l&#8217;institut on s\u2019ha trobat un cos sense vida. No hi ha sang visible, per\u00f2 tot indica que es tracta d\u2019un assassinat. Els investigadors sospiten que l\u2019escena del crim ha estat netejada minuciosament. \u00c9s ara quan entren en joc els cient\u00edfics forenses: vosaltres. El vostre objectiu ser\u00e0 descobrir rastres de sang amagats mitjan\u00e7ant la reacci\u00f3 qu\u00edmica del luminol, recollir les proves i elaborar una hip\u00f2tesi que expliqui qu\u00e8 ha passat. Estem davant un misteri&#8230; Esteu preparats per resoldre\u2019l?<\/p>\n\n\n\n<p>Avui descobrir\u00e0s\u2026 si \u00e9s possible caminar per una ciutat travessant cada pont nom\u00e9s una vegada. Sembla f\u00e0cil, per\u00f2 aquest repte va desconcertar tothom durant anys\u2026 fins que un matem\u00e0tic el va resoldre dibuixant punts i l\u00ednies! Avui vosaltres fareu el mateix: investigareu, provareu i descobrireu la regla amagada darrere dels ponts.<\/p>\n\n\n\n<p>Aquestes s\u00f3n dues de les propostes m\u00e9s creatives amb les que ens han delectat despr\u00e9s d&#8217;un breu descans. A continuaci\u00f3 de les lectures ens hem endinsat als plats forts del dia: els mon\u00f2legs&nbsp;cient\u00edfics de Big Van Ciencia al TAC i els tallers proposats pel professorat de l&#8217;\u00e0mbit, amb l&#8217;ajut inestimable d&#8217;alguns familiars de l&#8217;alumnat, que ens han fet gaudir d&#8217;all\u00f2 m\u00e9s i ens han sorpr\u00e8s m\u00e9s d&#8217;una vegada! Gr\u00e0cies fam\u00edlies per la col\u00b7laboraci\u00f3, poder-ho compartir ha estat genial!<\/p>\n\n\n\n<p>La valoraci\u00f3 de la jornada ha estat positiva, esperem que avui s&#8217;hagi complert&nbsp;l&#8217;objectiu: promoure i divulgar la ci\u00e8ncia, sovint una gran oblidada. Haurem remogut alguna consci\u00e8ncia, haurem despertat el cuquet cient\u00edfic d&#8217;alg\u00fa? Ben aviat ho sabrem, si \u00e9s aix\u00ed, repte aconseguit!<\/p>\n\n\n\n<p>\u00c0mbit STEM<\/p>\n\n\n\n<figure class=\"wp-block-gallery has-nested-images columns-default is-cropped wp-block-gallery-1 is-layout-flex wp-block-gallery-is-layout-flex\">\n<figure class=\"wp-block-image size-large\"><img loading=\"lazy\" decoding=\"async\" width=\"627\" height=\"836\" data-id=\"5005\" src=\"https:\/\/www.plamarcell.cat\/web\/wp-content\/uploads\/2025\/11\/IMG_7474-2.jpg\" alt=\"\" class=\"wp-image-5005\" srcset=\"https:\/\/www.plamarcell.cat\/web\/wp-content\/uploads\/2025\/11\/IMG_7474-2.jpg 627w, https:\/\/www.plamarcell.cat\/web\/wp-content\/uploads\/2025\/11\/IMG_7474-2-225x300.jpg 225w, https:\/\/www.plamarcell.cat\/web\/wp-content\/uploads\/2025\/11\/IMG_7474-2-529x705.jpg 529w\" sizes=\"auto, (max-width: 627px) 100vw, 627px\" \/><\/figure>\n\n\n\n<figure class=\"wp-block-image size-large\"><img loading=\"lazy\" decoding=\"async\" width=\"773\" height=\"1030\" data-id=\"5004\" src=\"https:\/\/www.plamarcell.cat\/web\/wp-content\/uploads\/2025\/11\/IMG_5071-773x1030.jpg\" alt=\"\" class=\"wp-image-5004\" srcset=\"https:\/\/www.plamarcell.cat\/web\/wp-content\/uploads\/2025\/11\/IMG_5071-773x1030.jpg 773w, https:\/\/www.plamarcell.cat\/web\/wp-content\/uploads\/2025\/11\/IMG_5071-225x300.jpg 225w, https:\/\/www.plamarcell.cat\/web\/wp-content\/uploads\/2025\/11\/IMG_5071-768x1024.jpg 768w, https:\/\/www.plamarcell.cat\/web\/wp-content\/uploads\/2025\/11\/IMG_5071-1152x1536.jpg 1152w, https:\/\/www.plamarcell.cat\/web\/wp-content\/uploads\/2025\/11\/IMG_5071-1536x2048.jpg 1536w, https:\/\/www.plamarcell.cat\/web\/wp-content\/uploads\/2025\/11\/IMG_5071-1125x1500.jpg 1125w, https:\/\/www.plamarcell.cat\/web\/wp-content\/uploads\/2025\/11\/IMG_5071-529x705.jpg 529w, https:\/\/www.plamarcell.cat\/web\/wp-content\/uploads\/2025\/11\/IMG_5071-scaled.jpg 1920w\" sizes=\"auto, (max-width: 773px) 100vw, 773px\" \/><\/figure>\n\n\n\n<figure class=\"wp-block-image size-large\"><img loading=\"lazy\" decoding=\"async\" width=\"1030\" height=\"773\" data-id=\"5003\" src=\"https:\/\/www.plamarcell.cat\/web\/wp-content\/uploads\/2025\/11\/IMG_20251111_105919-1030x773.jpg\" alt=\"\" class=\"wp-image-5003\" srcset=\"https:\/\/www.plamarcell.cat\/web\/wp-content\/uploads\/2025\/11\/IMG_20251111_105919-1030x773.jpg 1030w, https:\/\/www.plamarcell.cat\/web\/wp-content\/uploads\/2025\/11\/IMG_20251111_105919-300x225.jpg 300w, https:\/\/www.plamarcell.cat\/web\/wp-content\/uploads\/2025\/11\/IMG_20251111_105919-768x576.jpg 768w, https:\/\/www.plamarcell.cat\/web\/wp-content\/uploads\/2025\/11\/IMG_20251111_105919-1536x1152.jpg 1536w, https:\/\/www.plamarcell.cat\/web\/wp-content\/uploads\/2025\/11\/IMG_20251111_105919-2048x1536.jpg 2048w, https:\/\/www.plamarcell.cat\/web\/wp-content\/uploads\/2025\/11\/IMG_20251111_105919-1500x1125.jpg 1500w, https:\/\/www.plamarcell.cat\/web\/wp-content\/uploads\/2025\/11\/IMG_20251111_105919-705x529.jpg 705w\" sizes=\"auto, (max-width: 1030px) 100vw, 1030px\" \/><\/figure>\n\n\n\n<figure class=\"wp-block-image size-large\"><img loading=\"lazy\" decoding=\"async\" width=\"776\" height=\"1030\" data-id=\"5002\" src=\"https:\/\/www.plamarcell.cat\/web\/wp-content\/uploads\/2025\/11\/PXL_20251111_103543818-776x1030.jpg\" alt=\"\" class=\"wp-image-5002\" srcset=\"https:\/\/www.plamarcell.cat\/web\/wp-content\/uploads\/2025\/11\/PXL_20251111_103543818-776x1030.jpg 776w, https:\/\/www.plamarcell.cat\/web\/wp-content\/uploads\/2025\/11\/PXL_20251111_103543818-226x300.jpg 226w, https:\/\/www.plamarcell.cat\/web\/wp-content\/uploads\/2025\/11\/PXL_20251111_103543818-768x1020.jpg 768w, https:\/\/www.plamarcell.cat\/web\/wp-content\/uploads\/2025\/11\/PXL_20251111_103543818-1157x1536.jpg 1157w, https:\/\/www.plamarcell.cat\/web\/wp-content\/uploads\/2025\/11\/PXL_20251111_103543818-1542x2048.jpg 1542w, https:\/\/www.plamarcell.cat\/web\/wp-content\/uploads\/2025\/11\/PXL_20251111_103543818-1129x1500.jpg 1129w, https:\/\/www.plamarcell.cat\/web\/wp-content\/uploads\/2025\/11\/PXL_20251111_103543818-531x705.jpg 531w, https:\/\/www.plamarcell.cat\/web\/wp-content\/uploads\/2025\/11\/PXL_20251111_103543818-scaled.jpg 1928w\" sizes=\"auto, (max-width: 776px) 100vw, 776px\" \/><\/figure>\n\n\n\n<figure class=\"wp-block-image size-large\"><img loading=\"lazy\" decoding=\"async\" width=\"640\" height=\"480\" data-id=\"5001\" src=\"https:\/\/www.plamarcell.cat\/web\/wp-content\/uploads\/2025\/11\/PHOTO-2025-11-11-20-59-06-1.jpg\" alt=\"\" class=\"wp-image-5001\" srcset=\"https:\/\/www.plamarcell.cat\/web\/wp-content\/uploads\/2025\/11\/PHOTO-2025-11-11-20-59-06-1.jpg 640w, https:\/\/www.plamarcell.cat\/web\/wp-content\/uploads\/2025\/11\/PHOTO-2025-11-11-20-59-06-1-300x225.jpg 300w\" sizes=\"auto, (max-width: 640px) 100vw, 640px\" \/><\/figure>\n\n\n\n<figure class=\"wp-block-image size-large\"><img loading=\"lazy\" decoding=\"async\" width=\"836\" height=\"627\" data-id=\"5000\" src=\"https:\/\/www.plamarcell.cat\/web\/wp-content\/uploads\/2025\/11\/IMG_7488-2.jpg\" alt=\"\" class=\"wp-image-5000\" srcset=\"https:\/\/www.plamarcell.cat\/web\/wp-content\/uploads\/2025\/11\/IMG_7488-2.jpg 836w, https:\/\/www.plamarcell.cat\/web\/wp-content\/uploads\/2025\/11\/IMG_7488-2-300x225.jpg 300w, https:\/\/www.plamarcell.cat\/web\/wp-content\/uploads\/2025\/11\/IMG_7488-2-768x576.jpg 768w, https:\/\/www.plamarcell.cat\/web\/wp-content\/uploads\/2025\/11\/IMG_7488-2-705x529.jpg 705w\" sizes=\"auto, (max-width: 836px) 100vw, 836px\" \/><\/figure>\n\n\n\n<figure class=\"wp-block-image size-large\"><img loading=\"lazy\" decoding=\"async\" width=\"627\" height=\"836\" data-id=\"4999\" src=\"https:\/\/www.plamarcell.cat\/web\/wp-content\/uploads\/2025\/11\/IMG_7474-1.jpg\" alt=\"\" class=\"wp-image-4999\" srcset=\"https:\/\/www.plamarcell.cat\/web\/wp-content\/uploads\/2025\/11\/IMG_7474-1.jpg 627w, https:\/\/www.plamarcell.cat\/web\/wp-content\/uploads\/2025\/11\/IMG_7474-1-225x300.jpg 225w, https:\/\/www.plamarcell.cat\/web\/wp-content\/uploads\/2025\/11\/IMG_7474-1-529x705.jpg 529w\" sizes=\"auto, (max-width: 627px) 100vw, 627px\" \/><\/figure>\n\n\n\n<figure class=\"wp-block-image size-large\"><img loading=\"lazy\" decoding=\"async\" width=\"836\" height=\"627\" data-id=\"4998\" src=\"https:\/\/www.plamarcell.cat\/web\/wp-content\/uploads\/2025\/11\/IMG_7488-1.jpg\" alt=\"\" class=\"wp-image-4998\" srcset=\"https:\/\/www.plamarcell.cat\/web\/wp-content\/uploads\/2025\/11\/IMG_7488-1.jpg 836w, https:\/\/www.plamarcell.cat\/web\/wp-content\/uploads\/2025\/11\/IMG_7488-1-300x225.jpg 300w, https:\/\/www.plamarcell.cat\/web\/wp-content\/uploads\/2025\/11\/IMG_7488-1-768x576.jpg 768w, https:\/\/www.plamarcell.cat\/web\/wp-content\/uploads\/2025\/11\/IMG_7488-1-705x529.jpg 705w\" sizes=\"auto, (max-width: 836px) 100vw, 836px\" \/><\/figure>\n<\/figure>\n","protected":false},"excerpt":{"rendered":"<p>Hem celebrat el dia de la ci\u00e8ncia a l&#8217;institut! Hem gaudit d&#8217;una jornada sencera organitzada per l&#8217;\u00e0mbit&nbsp;STEM i dedicada a enriquir i divulgar&nbsp;la cultura cient\u00edfica. Ha estat la primera vegada que s&#8217;ha organitzat amb aquest format! Hem comen\u00e7at muntant diversos tangrams, amb un telescopi final que ens ha perm\u00e8s descobrir el programa del dia. Tot [&hellip;]<\/p>\n","protected":false},"author":1,"featured_media":5011,"comment_status":"closed","ping_status":"closed","sticky":false,"template":"","format":"standard","meta":{"footnotes":"","jetpack_publicize_message":"","jetpack_publicize_feature_enabled":true,"jetpack_social_post_already_shared":true,"jetpack_social_options":{"image_generator_settings":{"template":"highway","default_image_id":0,"font":"","enabled":false},"version":2}},"categories":[32],"tags":[25,44,40],"class_list":["post-5007","post","type-post","status-publish","format-standard","has-post-thumbnail","hentry","category-eso","tag-eso","tag-setmana-de-la-ciencia","tag-steam"],"yoast_head":"<!-- This site is optimized with the Yoast SEO plugin v27.4 - https:\/\/yoast.com\/product\/yoast-seo-wordpress\/ -->\n<title>Setmana de la Ci\u00e8ncia - Institut Pla Marcell<\/title>\n<meta name=\"robots\" content=\"index, follow, max-snippet:-1, max-image-preview:large, max-video-preview:-1\" \/>\n<link rel=\"canonical\" href=\"https:\/\/www.plamarcell.cat\/web\/setmana-de-la-ciencia\/\" \/>\n<meta property=\"og:locale\" content=\"ca_ES\" \/>\n<meta property=\"og:type\" content=\"article\" \/>\n<meta property=\"og:title\" content=\"Setmana de la Ci\u00e8ncia - Institut Pla Marcell\" \/>\n<meta property=\"og:description\" content=\"Hem celebrat el dia de la ci\u00e8ncia a l&#8217;institut! Hem gaudit d&#8217;una jornada sencera organitzada per l&#8217;\u00e0mbit&nbsp;STEM i dedicada a enriquir i divulgar&nbsp;la cultura cient\u00edfica. Ha estat la primera vegada que s&#8217;ha organitzat amb aquest format! Hem comen\u00e7at muntant diversos tangrams, amb un telescopi final que ens ha perm\u00e8s descobrir el programa del dia. Tot [&hellip;]\" \/>\n<meta property=\"og:url\" content=\"https:\/\/www.plamarcell.cat\/web\/setmana-de-la-ciencia\/\" \/>\n<meta property=\"og:site_name\" content=\"Institut Pla Marcell\" \/>\n<meta property=\"article:published_time\" content=\"2025-11-13T19:36:45+00:00\" \/>\n<meta property=\"article:modified_time\" content=\"2025-11-13T19:36:46+00:00\" \/>\n<meta property=\"og:image\" content=\"https:\/\/www.plamarcell.cat\/web\/wp-content\/uploads\/2025\/11\/Captura-de-pantalla-2025-11-13-a-las-20.35.31.png\" \/>\n\t<meta property=\"og:image:width\" content=\"1333\" \/>\n\t<meta property=\"og:image:height\" content=\"428\" \/>\n\t<meta property=\"og:image:type\" content=\"image\/png\" \/>\n<meta name=\"author\" content=\"f1c2b02a1225\" \/>\n<meta name=\"twitter:card\" content=\"summary_large_image\" \/>\n<meta name=\"twitter:label1\" content=\"Escrit per\" \/>\n\t<meta name=\"twitter:data1\" content=\"f1c2b02a1225\" \/>\n\t<meta name=\"twitter:label2\" content=\"Temps estimat de lectura\" \/>\n\t<meta name=\"twitter:data2\" content=\"4 minuts\" \/>\n<script type=\"application\/ld+json\" class=\"yoast-schema-graph\">{\"@context\":\"https:\\\/\\\/schema.org\",\"@graph\":[{\"@type\":\"Article\",\"@id\":\"https:\\\/\\\/www.plamarcell.cat\\\/web\\\/setmana-de-la-ciencia\\\/#article\",\"isPartOf\":{\"@id\":\"https:\\\/\\\/www.plamarcell.cat\\\/web\\\/setmana-de-la-ciencia\\\/\"},\"author\":{\"name\":\"f1c2b02a1225\",\"@id\":\"https:\\\/\\\/www.plamarcell.cat\\\/web\\\/#\\\/schema\\\/person\\\/6faa91fae89974b76b20b7702d1920da\"},\"headline\":\"Setmana de la Ci\u00e8ncia\",\"datePublished\":\"2025-11-13T19:36:45+00:00\",\"dateModified\":\"2025-11-13T19:36:46+00:00\",\"mainEntityOfPage\":{\"@id\":\"https:\\\/\\\/www.plamarcell.cat\\\/web\\\/setmana-de-la-ciencia\\\/\"},\"wordCount\":425,\"publisher\":{\"@id\":\"https:\\\/\\\/www.plamarcell.cat\\\/web\\\/#organization\"},\"image\":{\"@id\":\"https:\\\/\\\/www.plamarcell.cat\\\/web\\\/setmana-de-la-ciencia\\\/#primaryimage\"},\"thumbnailUrl\":\"https:\\\/\\\/www.plamarcell.cat\\\/web\\\/wp-content\\\/uploads\\\/2025\\\/11\\\/Captura-de-pantalla-2025-11-13-a-las-20.35.31.png\",\"keywords\":[\"ESO\",\"setmana de la ci\u00e8ncia\",\"steam\"],\"articleSection\":[\"ESO\"],\"inLanguage\":\"ca\"},{\"@type\":\"WebPage\",\"@id\":\"https:\\\/\\\/www.plamarcell.cat\\\/web\\\/setmana-de-la-ciencia\\\/\",\"url\":\"https:\\\/\\\/www.plamarcell.cat\\\/web\\\/setmana-de-la-ciencia\\\/\",\"name\":\"Setmana de la Ci\u00e8ncia - Institut Pla Marcell\",\"isPartOf\":{\"@id\":\"https:\\\/\\\/www.plamarcell.cat\\\/web\\\/#website\"},\"primaryImageOfPage\":{\"@id\":\"https:\\\/\\\/www.plamarcell.cat\\\/web\\\/setmana-de-la-ciencia\\\/#primaryimage\"},\"image\":{\"@id\":\"https:\\\/\\\/www.plamarcell.cat\\\/web\\\/setmana-de-la-ciencia\\\/#primaryimage\"},\"thumbnailUrl\":\"https:\\\/\\\/www.plamarcell.cat\\\/web\\\/wp-content\\\/uploads\\\/2025\\\/11\\\/Captura-de-pantalla-2025-11-13-a-las-20.35.31.png\",\"datePublished\":\"2025-11-13T19:36:45+00:00\",\"dateModified\":\"2025-11-13T19:36:46+00:00\",\"breadcrumb\":{\"@id\":\"https:\\\/\\\/www.plamarcell.cat\\\/web\\\/setmana-de-la-ciencia\\\/#breadcrumb\"},\"inLanguage\":\"ca\",\"potentialAction\":[{\"@type\":\"ReadAction\",\"target\":[\"https:\\\/\\\/www.plamarcell.cat\\\/web\\\/setmana-de-la-ciencia\\\/\"]}]},{\"@type\":\"ImageObject\",\"inLanguage\":\"ca\",\"@id\":\"https:\\\/\\\/www.plamarcell.cat\\\/web\\\/setmana-de-la-ciencia\\\/#primaryimage\",\"url\":\"https:\\\/\\\/www.plamarcell.cat\\\/web\\\/wp-content\\\/uploads\\\/2025\\\/11\\\/Captura-de-pantalla-2025-11-13-a-las-20.35.31.png\",\"contentUrl\":\"https:\\\/\\\/www.plamarcell.cat\\\/web\\\/wp-content\\\/uploads\\\/2025\\\/11\\\/Captura-de-pantalla-2025-11-13-a-las-20.35.31.png\",\"width\":1333,\"height\":428},{\"@type\":\"BreadcrumbList\",\"@id\":\"https:\\\/\\\/www.plamarcell.cat\\\/web\\\/setmana-de-la-ciencia\\\/#breadcrumb\",\"itemListElement\":[{\"@type\":\"ListItem\",\"position\":1,\"name\":\"Inici\",\"item\":\"https:\\\/\\\/www.plamarcell.cat\\\/web\\\/\"},{\"@type\":\"ListItem\",\"position\":2,\"name\":\"Setmana de la Ci\u00e8ncia\"}]},{\"@type\":\"WebSite\",\"@id\":\"https:\\\/\\\/www.plamarcell.cat\\\/web\\\/#website\",\"url\":\"https:\\\/\\\/www.plamarcell.cat\\\/web\\\/\",\"name\":\"Institut Pla Marcell\",\"description\":\"Decidir, conviure i aprendre\",\"publisher\":{\"@id\":\"https:\\\/\\\/www.plamarcell.cat\\\/web\\\/#organization\"},\"potentialAction\":[{\"@type\":\"SearchAction\",\"target\":{\"@type\":\"EntryPoint\",\"urlTemplate\":\"https:\\\/\\\/www.plamarcell.cat\\\/web\\\/?s={search_term_string}\"},\"query-input\":{\"@type\":\"PropertyValueSpecification\",\"valueRequired\":true,\"valueName\":\"search_term_string\"}}],\"inLanguage\":\"ca\"},{\"@type\":\"Organization\",\"@id\":\"https:\\\/\\\/www.plamarcell.cat\\\/web\\\/#organization\",\"name\":\"Institut Pla Marcell\",\"url\":\"https:\\\/\\\/www.plamarcell.cat\\\/web\\\/\",\"logo\":{\"@type\":\"ImageObject\",\"inLanguage\":\"ca\",\"@id\":\"https:\\\/\\\/www.plamarcell.cat\\\/web\\\/#\\\/schema\\\/logo\\\/image\\\/\",\"url\":\"https:\\\/\\\/www.plamarcell.cat\\\/web\\\/wp-content\\\/uploads\\\/2025\\\/03\\\/ima-Logo-header-1.png\",\"contentUrl\":\"https:\\\/\\\/www.plamarcell.cat\\\/web\\\/wp-content\\\/uploads\\\/2025\\\/03\\\/ima-Logo-header-1.png\",\"width\":1200,\"height\":700,\"caption\":\"Institut Pla Marcell\"},\"image\":{\"@id\":\"https:\\\/\\\/www.plamarcell.cat\\\/web\\\/#\\\/schema\\\/logo\\\/image\\\/\"},\"sameAs\":[\"https:\\\/\\\/www.instagram.com\\\/pla.marcell\\\/\"]},{\"@type\":\"Person\",\"@id\":\"https:\\\/\\\/www.plamarcell.cat\\\/web\\\/#\\\/schema\\\/person\\\/6faa91fae89974b76b20b7702d1920da\",\"name\":\"f1c2b02a1225\",\"image\":{\"@type\":\"ImageObject\",\"inLanguage\":\"ca\",\"@id\":\"https:\\\/\\\/secure.gravatar.com\\\/avatar\\\/5b488f4f1a77d45180bbae5938ab699df692d0c9f43fa4ebd195ac2b5c4678bd?s=96&d=mm&r=g\",\"url\":\"https:\\\/\\\/secure.gravatar.com\\\/avatar\\\/5b488f4f1a77d45180bbae5938ab699df692d0c9f43fa4ebd195ac2b5c4678bd?s=96&d=mm&r=g\",\"contentUrl\":\"https:\\\/\\\/secure.gravatar.com\\\/avatar\\\/5b488f4f1a77d45180bbae5938ab699df692d0c9f43fa4ebd195ac2b5c4678bd?s=96&d=mm&r=g\",\"caption\":\"f1c2b02a1225\"},\"sameAs\":[\"http:\\\/\\\/plamarcell.com.mialias.net\"],\"url\":\"https:\\\/\\\/www.plamarcell.cat\\\/web\\\/author\\\/f1c2b02a1225\\\/\"}]}<\/script>\n<!-- \/ Yoast SEO plugin. -->","yoast_head_json":{"title":"Setmana de la Ci\u00e8ncia - Institut Pla Marcell","robots":{"index":"index","follow":"follow","max-snippet":"max-snippet:-1","max-image-preview":"max-image-preview:large","max-video-preview":"max-video-preview:-1"},"canonical":"https:\/\/www.plamarcell.cat\/web\/setmana-de-la-ciencia\/","og_locale":"ca_ES","og_type":"article","og_title":"Setmana de la Ci\u00e8ncia - Institut Pla Marcell","og_description":"Hem celebrat el dia de la ci\u00e8ncia a l&#8217;institut! Hem gaudit d&#8217;una jornada sencera organitzada per l&#8217;\u00e0mbit&nbsp;STEM i dedicada a enriquir i divulgar&nbsp;la cultura cient\u00edfica. Ha estat la primera vegada que s&#8217;ha organitzat amb aquest format! Hem comen\u00e7at muntant diversos tangrams, amb un telescopi final que ens ha perm\u00e8s descobrir el programa del dia. Tot [&hellip;]","og_url":"https:\/\/www.plamarcell.cat\/web\/setmana-de-la-ciencia\/","og_site_name":"Institut Pla Marcell","article_published_time":"2025-11-13T19:36:45+00:00","article_modified_time":"2025-11-13T19:36:46+00:00","og_image":[{"width":1333,"height":428,"url":"https:\/\/www.plamarcell.cat\/web\/wp-content\/uploads\/2025\/11\/Captura-de-pantalla-2025-11-13-a-las-20.35.31.png","type":"image\/png"}],"author":"f1c2b02a1225","twitter_card":"summary_large_image","twitter_misc":{"Escrit per":"f1c2b02a1225","Temps estimat de lectura":"4 minuts"},"schema":{"@context":"https:\/\/schema.org","@graph":[{"@type":"Article","@id":"https:\/\/www.plamarcell.cat\/web\/setmana-de-la-ciencia\/#article","isPartOf":{"@id":"https:\/\/www.plamarcell.cat\/web\/setmana-de-la-ciencia\/"},"author":{"name":"f1c2b02a1225","@id":"https:\/\/www.plamarcell.cat\/web\/#\/schema\/person\/6faa91fae89974b76b20b7702d1920da"},"headline":"Setmana de la Ci\u00e8ncia","datePublished":"2025-11-13T19:36:45+00:00","dateModified":"2025-11-13T19:36:46+00:00","mainEntityOfPage":{"@id":"https:\/\/www.plamarcell.cat\/web\/setmana-de-la-ciencia\/"},"wordCount":425,"publisher":{"@id":"https:\/\/www.plamarcell.cat\/web\/#organization"},"image":{"@id":"https:\/\/www.plamarcell.cat\/web\/setmana-de-la-ciencia\/#primaryimage"},"thumbnailUrl":"https:\/\/www.plamarcell.cat\/web\/wp-content\/uploads\/2025\/11\/Captura-de-pantalla-2025-11-13-a-las-20.35.31.png","keywords":["ESO","setmana de la ci\u00e8ncia","steam"],"articleSection":["ESO"],"inLanguage":"ca"},{"@type":"WebPage","@id":"https:\/\/www.plamarcell.cat\/web\/setmana-de-la-ciencia\/","url":"https:\/\/www.plamarcell.cat\/web\/setmana-de-la-ciencia\/","name":"Setmana de la Ci\u00e8ncia - Institut Pla Marcell","isPartOf":{"@id":"https:\/\/www.plamarcell.cat\/web\/#website"},"primaryImageOfPage":{"@id":"https:\/\/www.plamarcell.cat\/web\/setmana-de-la-ciencia\/#primaryimage"},"image":{"@id":"https:\/\/www.plamarcell.cat\/web\/setmana-de-la-ciencia\/#primaryimage"},"thumbnailUrl":"https:\/\/www.plamarcell.cat\/web\/wp-content\/uploads\/2025\/11\/Captura-de-pantalla-2025-11-13-a-las-20.35.31.png","datePublished":"2025-11-13T19:36:45+00:00","dateModified":"2025-11-13T19:36:46+00:00","breadcrumb":{"@id":"https:\/\/www.plamarcell.cat\/web\/setmana-de-la-ciencia\/#breadcrumb"},"inLanguage":"ca","potentialAction":[{"@type":"ReadAction","target":["https:\/\/www.plamarcell.cat\/web\/setmana-de-la-ciencia\/"]}]},{"@type":"ImageObject","inLanguage":"ca","@id":"https:\/\/www.plamarcell.cat\/web\/setmana-de-la-ciencia\/#primaryimage","url":"https:\/\/www.plamarcell.cat\/web\/wp-content\/uploads\/2025\/11\/Captura-de-pantalla-2025-11-13-a-las-20.35.31.png","contentUrl":"https:\/\/www.plamarcell.cat\/web\/wp-content\/uploads\/2025\/11\/Captura-de-pantalla-2025-11-13-a-las-20.35.31.png","width":1333,"height":428},{"@type":"BreadcrumbList","@id":"https:\/\/www.plamarcell.cat\/web\/setmana-de-la-ciencia\/#breadcrumb","itemListElement":[{"@type":"ListItem","position":1,"name":"Inici","item":"https:\/\/www.plamarcell.cat\/web\/"},{"@type":"ListItem","position":2,"name":"Setmana de la Ci\u00e8ncia"}]},{"@type":"WebSite","@id":"https:\/\/www.plamarcell.cat\/web\/#website","url":"https:\/\/www.plamarcell.cat\/web\/","name":"Institut Pla Marcell","description":"Decidir, conviure i aprendre","publisher":{"@id":"https:\/\/www.plamarcell.cat\/web\/#organization"},"potentialAction":[{"@type":"SearchAction","target":{"@type":"EntryPoint","urlTemplate":"https:\/\/www.plamarcell.cat\/web\/?s={search_term_string}"},"query-input":{"@type":"PropertyValueSpecification","valueRequired":true,"valueName":"search_term_string"}}],"inLanguage":"ca"},{"@type":"Organization","@id":"https:\/\/www.plamarcell.cat\/web\/#organization","name":"Institut Pla Marcell","url":"https:\/\/www.plamarcell.cat\/web\/","logo":{"@type":"ImageObject","inLanguage":"ca","@id":"https:\/\/www.plamarcell.cat\/web\/#\/schema\/logo\/image\/","url":"https:\/\/www.plamarcell.cat\/web\/wp-content\/uploads\/2025\/03\/ima-Logo-header-1.png","contentUrl":"https:\/\/www.plamarcell.cat\/web\/wp-content\/uploads\/2025\/03\/ima-Logo-header-1.png","width":1200,"height":700,"caption":"Institut Pla Marcell"},"image":{"@id":"https:\/\/www.plamarcell.cat\/web\/#\/schema\/logo\/image\/"},"sameAs":["https:\/\/www.instagram.com\/pla.marcell\/"]},{"@type":"Person","@id":"https:\/\/www.plamarcell.cat\/web\/#\/schema\/person\/6faa91fae89974b76b20b7702d1920da","name":"f1c2b02a1225","image":{"@type":"ImageObject","inLanguage":"ca","@id":"https:\/\/secure.gravatar.com\/avatar\/5b488f4f1a77d45180bbae5938ab699df692d0c9f43fa4ebd195ac2b5c4678bd?s=96&d=mm&r=g","url":"https:\/\/secure.gravatar.com\/avatar\/5b488f4f1a77d45180bbae5938ab699df692d0c9f43fa4ebd195ac2b5c4678bd?s=96&d=mm&r=g","contentUrl":"https:\/\/secure.gravatar.com\/avatar\/5b488f4f1a77d45180bbae5938ab699df692d0c9f43fa4ebd195ac2b5c4678bd?s=96&d=mm&r=g","caption":"f1c2b02a1225"},"sameAs":["http:\/\/plamarcell.com.mialias.net"],"url":"https:\/\/www.plamarcell.cat\/web\/author\/f1c2b02a1225\/"}]}},"jetpack_publicize_connections":[],"_links":{"self":[{"href":"https:\/\/www.plamarcell.cat\/web\/wp-json\/wp\/v2\/posts\/5007","targetHints":{"allow":["GET"]}}],"collection":[{"href":"https:\/\/www.plamarcell.cat\/web\/wp-json\/wp\/v2\/posts"}],"about":[{"href":"https:\/\/www.plamarcell.cat\/web\/wp-json\/wp\/v2\/types\/post"}],"author":[{"embeddable":true,"href":"https:\/\/www.plamarcell.cat\/web\/wp-json\/wp\/v2\/users\/1"}],"replies":[{"embeddable":true,"href":"https:\/\/www.plamarcell.cat\/web\/wp-json\/wp\/v2\/comments?post=5007"}],"version-history":[{"count":2,"href":"https:\/\/www.plamarcell.cat\/web\/wp-json\/wp\/v2\/posts\/5007\/revisions"}],"predecessor-version":[{"id":5012,"href":"https:\/\/www.plamarcell.cat\/web\/wp-json\/wp\/v2\/posts\/5007\/revisions\/5012"}],"wp:featuredmedia":[{"embeddable":true,"href":"https:\/\/www.plamarcell.cat\/web\/wp-json\/wp\/v2\/media\/5011"}],"wp:attachment":[{"href":"https:\/\/www.plamarcell.cat\/web\/wp-json\/wp\/v2\/media?parent=5007"}],"wp:term":[{"taxonomy":"category","embeddable":true,"href":"https:\/\/www.plamarcell.cat\/web\/wp-json\/wp\/v2\/categories?post=5007"},{"taxonomy":"post_tag","embeddable":true,"href":"https:\/\/www.plamarcell.cat\/web\/wp-json\/wp\/v2\/tags?post=5007"}],"curies":[{"name":"wp","href":"https:\/\/api.w.org\/{rel}","templated":true}]}}