{"id":5559,"date":"2026-03-10T23:40:15","date_gmt":"2026-03-10T22:40:15","guid":{"rendered":"https:\/\/www.plamarcell.cat\/web\/?p=5559"},"modified":"2026-04-22T21:08:31","modified_gmt":"2026-04-22T19:08:31","slug":"visita-lab-0-6","status":"publish","type":"post","link":"https:\/\/www.plamarcell.cat\/web\/visita-lab-0-6\/","title":{"rendered":"Visita Lab 0-6"},"content":{"rendered":"\n<p>El passat dimecres 18 de febrer, els alumnes de 1r del CFGS d\u2019Educaci\u00f3 Infantil van realitzar una sortida formativa al <strong>Lab 0-6 de Manresa<\/strong>, un espai de refer\u00e8ncia en l\u2019\u00e0mbit de la did\u00e0ctica de les ci\u00e8ncies en les primeres edats.<\/p>\n\n\n\n<p>El Lab 0-6 \u00e9s un espai adre\u00e7at a infants de fins a 8 anys, obert a grups escolars i fam\u00edlies, que ofereix propostes d\u2019acc\u00e9s lliure centrades en l\u2019experimentaci\u00f3 i la descoberta cient\u00edfica. A m\u00e9s, \u00e9s un espai de suport a la formaci\u00f3 inicial i permanent dels mestres d\u2019Educaci\u00f3 Infantil, aix\u00ed com un entorn dedicat a la recerca i la investigaci\u00f3.<\/p>\n\n\n\n<p>Durant la visita, el nostre alumnat va poder viure en primera persona l\u2019experi\u00e8ncia d\u2019una tarda de ci\u00e8ncia combinant dues activitats: una d\u2019exploraci\u00f3 lliure a l\u2019espai del laboratori i una altra centrada en un repte concret. En el nostre cas, vam participar en l\u2019activitat <strong>\u201cAigua de colors\u201d<\/strong>, que proposava tenyir l\u2019aigua a partir d\u2019elements naturals, fomentant l\u2019observaci\u00f3, la formulaci\u00f3 d\u2019hip\u00f2tesis i l\u2019experimentaci\u00f3.<\/p>\n\n\n\n<p>La sortida va permetre als futurs educadors i educadores con\u00e8ixer recursos i propostes pr\u00e0ctiques per treballar la ci\u00e8ncia a l\u2019etapa d\u2019Educaci\u00f3 Infantil, tot destacant la import\u00e0ncia de l\u2019experimentaci\u00f3, la curiositat i l\u2019aprenentatge vivencial en les primeres edats.<\/p>\n\n\n\n<p>Una experi\u00e8ncia enriquidora que, sens dubte, contribuir\u00e0 a la seva futura pr\u00e0ctica professional.<\/p>\n\n\n\n<div class=\"wp-block-columns is-layout-flex wp-container-core-columns-is-layout-9d6595d7 wp-block-columns-is-layout-flex\">\n<div class=\"wp-block-column is-layout-flow wp-block-column-is-layout-flow\" style=\"flex-basis:100%\">\n<figure class=\"wp-block-gallery has-nested-images columns-default is-cropped wp-block-gallery-1 is-layout-flex wp-block-gallery-is-layout-flex\">\n<figure class=\"wp-block-image size-large\"><img loading=\"lazy\" decoding=\"async\" width=\"1030\" height=\"773\" data-id=\"5551\" src=\"https:\/\/www.plamarcell.cat\/web\/wp-content\/uploads\/2026\/02\/IMG_1730-2-1030x773.jpg\" alt=\"\" class=\"wp-image-5551\" srcset=\"https:\/\/www.plamarcell.cat\/web\/wp-content\/uploads\/2026\/02\/IMG_1730-2-1030x773.jpg 1030w, https:\/\/www.plamarcell.cat\/web\/wp-content\/uploads\/2026\/02\/IMG_1730-2-300x225.jpg 300w, https:\/\/www.plamarcell.cat\/web\/wp-content\/uploads\/2026\/02\/IMG_1730-2-768x576.jpg 768w, https:\/\/www.plamarcell.cat\/web\/wp-content\/uploads\/2026\/02\/IMG_1730-2-1536x1152.jpg 1536w, https:\/\/www.plamarcell.cat\/web\/wp-content\/uploads\/2026\/02\/IMG_1730-2-2048x1536.jpg 2048w, https:\/\/www.plamarcell.cat\/web\/wp-content\/uploads\/2026\/02\/IMG_1730-2-1500x1125.jpg 1500w, https:\/\/www.plamarcell.cat\/web\/wp-content\/uploads\/2026\/02\/IMG_1730-2-705x529.jpg 705w\" sizes=\"auto, (max-width: 1030px) 100vw, 1030px\" \/><\/figure>\n\n\n\n<figure class=\"wp-block-image size-large\"><img loading=\"lazy\" decoding=\"async\" width=\"1030\" height=\"773\" data-id=\"5544\" src=\"https:\/\/www.plamarcell.cat\/web\/wp-content\/uploads\/2026\/02\/IMG_1716-1030x773.jpg\" alt=\"\" class=\"wp-image-5544\" srcset=\"https:\/\/www.plamarcell.cat\/web\/wp-content\/uploads\/2026\/02\/IMG_1716-1030x773.jpg 1030w, https:\/\/www.plamarcell.cat\/web\/wp-content\/uploads\/2026\/02\/IMG_1716-300x225.jpg 300w, https:\/\/www.plamarcell.cat\/web\/wp-content\/uploads\/2026\/02\/IMG_1716-768x576.jpg 768w, https:\/\/www.plamarcell.cat\/web\/wp-content\/uploads\/2026\/02\/IMG_1716-1536x1152.jpg 1536w, https:\/\/www.plamarcell.cat\/web\/wp-content\/uploads\/2026\/02\/IMG_1716-2048x1536.jpg 2048w, https:\/\/www.plamarcell.cat\/web\/wp-content\/uploads\/2026\/02\/IMG_1716-1500x1125.jpg 1500w, https:\/\/www.plamarcell.cat\/web\/wp-content\/uploads\/2026\/02\/IMG_1716-705x529.jpg 705w\" sizes=\"auto, (max-width: 1030px) 100vw, 1030px\" \/><\/figure>\n\n\n\n<figure class=\"wp-block-image size-large\"><img loading=\"lazy\" decoding=\"async\" width=\"773\" height=\"1030\" data-id=\"5542\" src=\"https:\/\/www.plamarcell.cat\/web\/wp-content\/uploads\/2026\/02\/IMG_1740-773x1030.jpg\" alt=\"\" class=\"wp-image-5542\" srcset=\"https:\/\/www.plamarcell.cat\/web\/wp-content\/uploads\/2026\/02\/IMG_1740-773x1030.jpg 773w, https:\/\/www.plamarcell.cat\/web\/wp-content\/uploads\/2026\/02\/IMG_1740-225x300.jpg 225w, https:\/\/www.plamarcell.cat\/web\/wp-content\/uploads\/2026\/02\/IMG_1740-768x1024.jpg 768w, https:\/\/www.plamarcell.cat\/web\/wp-content\/uploads\/2026\/02\/IMG_1740-1152x1536.jpg 1152w, https:\/\/www.plamarcell.cat\/web\/wp-content\/uploads\/2026\/02\/IMG_1740-1536x2048.jpg 1536w, https:\/\/www.plamarcell.cat\/web\/wp-content\/uploads\/2026\/02\/IMG_1740-1125x1500.jpg 1125w, https:\/\/www.plamarcell.cat\/web\/wp-content\/uploads\/2026\/02\/IMG_1740-529x705.jpg 529w, https:\/\/www.plamarcell.cat\/web\/wp-content\/uploads\/2026\/02\/IMG_1740-scaled.jpg 1920w\" sizes=\"auto, (max-width: 773px) 100vw, 773px\" \/><\/figure>\n\n\n\n<figure class=\"wp-block-image size-large\"><img loading=\"lazy\" decoding=\"async\" width=\"1030\" height=\"773\" data-id=\"5532\" src=\"https:\/\/www.plamarcell.cat\/web\/wp-content\/uploads\/2026\/02\/IMG_1732-1030x773.jpg\" alt=\"\" class=\"wp-image-5532\" srcset=\"https:\/\/www.plamarcell.cat\/web\/wp-content\/uploads\/2026\/02\/IMG_1732-1030x773.jpg 1030w, https:\/\/www.plamarcell.cat\/web\/wp-content\/uploads\/2026\/02\/IMG_1732-300x225.jpg 300w, https:\/\/www.plamarcell.cat\/web\/wp-content\/uploads\/2026\/02\/IMG_1732-768x576.jpg 768w, https:\/\/www.plamarcell.cat\/web\/wp-content\/uploads\/2026\/02\/IMG_1732-1536x1152.jpg 1536w, https:\/\/www.plamarcell.cat\/web\/wp-content\/uploads\/2026\/02\/IMG_1732-2048x1536.jpg 2048w, https:\/\/www.plamarcell.cat\/web\/wp-content\/uploads\/2026\/02\/IMG_1732-1500x1125.jpg 1500w, https:\/\/www.plamarcell.cat\/web\/wp-content\/uploads\/2026\/02\/IMG_1732-705x529.jpg 705w\" sizes=\"auto, (max-width: 1030px) 100vw, 1030px\" \/><\/figure>\n\n\n\n<figure class=\"wp-block-image size-large\"><img loading=\"lazy\" decoding=\"async\" width=\"773\" height=\"1030\" data-id=\"5531\" src=\"https:\/\/www.plamarcell.cat\/web\/wp-content\/uploads\/2026\/02\/IMG_1715-773x1030.jpg\" alt=\"\" class=\"wp-image-5531\" srcset=\"https:\/\/www.plamarcell.cat\/web\/wp-content\/uploads\/2026\/02\/IMG_1715-773x1030.jpg 773w, https:\/\/www.plamarcell.cat\/web\/wp-content\/uploads\/2026\/02\/IMG_1715-225x300.jpg 225w, https:\/\/www.plamarcell.cat\/web\/wp-content\/uploads\/2026\/02\/IMG_1715-768x1024.jpg 768w, https:\/\/www.plamarcell.cat\/web\/wp-content\/uploads\/2026\/02\/IMG_1715-1152x1536.jpg 1152w, https:\/\/www.plamarcell.cat\/web\/wp-content\/uploads\/2026\/02\/IMG_1715-1536x2048.jpg 1536w, https:\/\/www.plamarcell.cat\/web\/wp-content\/uploads\/2026\/02\/IMG_1715-1125x1500.jpg 1125w, https:\/\/www.plamarcell.cat\/web\/wp-content\/uploads\/2026\/02\/IMG_1715-529x705.jpg 529w, https:\/\/www.plamarcell.cat\/web\/wp-content\/uploads\/2026\/02\/IMG_1715-scaled.jpg 1920w\" sizes=\"auto, (max-width: 773px) 100vw, 773px\" \/><\/figure>\n\n\n\n<figure class=\"wp-block-image size-large\"><img loading=\"lazy\" decoding=\"async\" width=\"773\" height=\"1030\" data-id=\"5535\" src=\"https:\/\/www.plamarcell.cat\/web\/wp-content\/uploads\/2026\/02\/IMG_1717-773x1030.jpg\" alt=\"\" class=\"wp-image-5535\" srcset=\"https:\/\/www.plamarcell.cat\/web\/wp-content\/uploads\/2026\/02\/IMG_1717-773x1030.jpg 773w, https:\/\/www.plamarcell.cat\/web\/wp-content\/uploads\/2026\/02\/IMG_1717-225x300.jpg 225w, https:\/\/www.plamarcell.cat\/web\/wp-content\/uploads\/2026\/02\/IMG_1717-768x1024.jpg 768w, https:\/\/www.plamarcell.cat\/web\/wp-content\/uploads\/2026\/02\/IMG_1717-1152x1536.jpg 1152w, https:\/\/www.plamarcell.cat\/web\/wp-content\/uploads\/2026\/02\/IMG_1717-1536x2048.jpg 1536w, https:\/\/www.plamarcell.cat\/web\/wp-content\/uploads\/2026\/02\/IMG_1717-1125x1500.jpg 1125w, https:\/\/www.plamarcell.cat\/web\/wp-content\/uploads\/2026\/02\/IMG_1717-529x705.jpg 529w, https:\/\/www.plamarcell.cat\/web\/wp-content\/uploads\/2026\/02\/IMG_1717-scaled.jpg 1920w\" sizes=\"auto, (max-width: 773px) 100vw, 773px\" \/><\/figure>\n\n\n\n<figure class=\"wp-block-image size-large\"><img loading=\"lazy\" decoding=\"async\" width=\"1030\" height=\"773\" data-id=\"5537\" src=\"https:\/\/www.plamarcell.cat\/web\/wp-content\/uploads\/2026\/02\/IMG_1736-1030x773.jpg\" alt=\"\" class=\"wp-image-5537\" srcset=\"https:\/\/www.plamarcell.cat\/web\/wp-content\/uploads\/2026\/02\/IMG_1736-1030x773.jpg 1030w, https:\/\/www.plamarcell.cat\/web\/wp-content\/uploads\/2026\/02\/IMG_1736-300x225.jpg 300w, https:\/\/www.plamarcell.cat\/web\/wp-content\/uploads\/2026\/02\/IMG_1736-768x576.jpg 768w, https:\/\/www.plamarcell.cat\/web\/wp-content\/uploads\/2026\/02\/IMG_1736-1536x1152.jpg 1536w, https:\/\/www.plamarcell.cat\/web\/wp-content\/uploads\/2026\/02\/IMG_1736-2048x1536.jpg 2048w, https:\/\/www.plamarcell.cat\/web\/wp-content\/uploads\/2026\/02\/IMG_1736-1500x1125.jpg 1500w, https:\/\/www.plamarcell.cat\/web\/wp-content\/uploads\/2026\/02\/IMG_1736-705x529.jpg 705w\" sizes=\"auto, (max-width: 1030px) 100vw, 1030px\" \/><\/figure>\n\n\n\n<figure class=\"wp-block-image size-large\"><img loading=\"lazy\" decoding=\"async\" width=\"1030\" height=\"773\" data-id=\"5575\" src=\"https:\/\/www.plamarcell.cat\/web\/wp-content\/uploads\/2026\/03\/IMG_1735-edited-1030x773.jpg\" alt=\"\" class=\"wp-image-5575\" srcset=\"https:\/\/www.plamarcell.cat\/web\/wp-content\/uploads\/2026\/03\/IMG_1735-edited-1030x773.jpg 1030w, https:\/\/www.plamarcell.cat\/web\/wp-content\/uploads\/2026\/03\/IMG_1735-edited-300x225.jpg 300w, https:\/\/www.plamarcell.cat\/web\/wp-content\/uploads\/2026\/03\/IMG_1735-edited-768x576.jpg 768w, https:\/\/www.plamarcell.cat\/web\/wp-content\/uploads\/2026\/03\/IMG_1735-edited-1536x1152.jpg 1536w, https:\/\/www.plamarcell.cat\/web\/wp-content\/uploads\/2026\/03\/IMG_1735-edited-2048x1536.jpg 2048w, https:\/\/www.plamarcell.cat\/web\/wp-content\/uploads\/2026\/03\/IMG_1735-edited-1500x1125.jpg 1500w, https:\/\/www.plamarcell.cat\/web\/wp-content\/uploads\/2026\/03\/IMG_1735-edited-705x529.jpg 705w\" sizes=\"auto, (max-width: 1030px) 100vw, 1030px\" \/><\/figure>\n\n\n\n<figure class=\"wp-block-image size-large\"><img loading=\"lazy\" decoding=\"async\" width=\"773\" height=\"1030\" data-id=\"5540\" src=\"https:\/\/www.plamarcell.cat\/web\/wp-content\/uploads\/2026\/02\/IMG_1760-2-773x1030.jpg\" alt=\"\" class=\"wp-image-5540\" srcset=\"https:\/\/www.plamarcell.cat\/web\/wp-content\/uploads\/2026\/02\/IMG_1760-2-773x1030.jpg 773w, https:\/\/www.plamarcell.cat\/web\/wp-content\/uploads\/2026\/02\/IMG_1760-2-225x300.jpg 225w, https:\/\/www.plamarcell.cat\/web\/wp-content\/uploads\/2026\/02\/IMG_1760-2-768x1024.jpg 768w, https:\/\/www.plamarcell.cat\/web\/wp-content\/uploads\/2026\/02\/IMG_1760-2-1152x1536.jpg 1152w, https:\/\/www.plamarcell.cat\/web\/wp-content\/uploads\/2026\/02\/IMG_1760-2-1536x2048.jpg 1536w, https:\/\/www.plamarcell.cat\/web\/wp-content\/uploads\/2026\/02\/IMG_1760-2-1125x1500.jpg 1125w, https:\/\/www.plamarcell.cat\/web\/wp-content\/uploads\/2026\/02\/IMG_1760-2-529x705.jpg 529w, https:\/\/www.plamarcell.cat\/web\/wp-content\/uploads\/2026\/02\/IMG_1760-2-scaled.jpg 1920w\" sizes=\"auto, (max-width: 773px) 100vw, 773px\" \/><\/figure>\n\n\n\n<figure class=\"wp-block-image size-large\"><img loading=\"lazy\" decoding=\"async\" width=\"1920\" height=\"2560\" data-id=\"5572\" src=\"https:\/\/www.plamarcell.cat\/web\/wp-content\/uploads\/2026\/03\/IMG_1766-1-edited-scaled.jpg\" alt=\"\" class=\"wp-image-5572\" srcset=\"https:\/\/www.plamarcell.cat\/web\/wp-content\/uploads\/2026\/03\/IMG_1766-1-edited-scaled.jpg 1920w, https:\/\/www.plamarcell.cat\/web\/wp-content\/uploads\/2026\/03\/IMG_1766-1-edited-225x300.jpg 225w, https:\/\/www.plamarcell.cat\/web\/wp-content\/uploads\/2026\/03\/IMG_1766-1-edited-773x1030.jpg 773w, https:\/\/www.plamarcell.cat\/web\/wp-content\/uploads\/2026\/03\/IMG_1766-1-edited-768x1024.jpg 768w, https:\/\/www.plamarcell.cat\/web\/wp-content\/uploads\/2026\/03\/IMG_1766-1-edited-1152x1536.jpg 1152w, https:\/\/www.plamarcell.cat\/web\/wp-content\/uploads\/2026\/03\/IMG_1766-1-edited-1536x2048.jpg 1536w, https:\/\/www.plamarcell.cat\/web\/wp-content\/uploads\/2026\/03\/IMG_1766-1-edited-1125x1500.jpg 1125w, https:\/\/www.plamarcell.cat\/web\/wp-content\/uploads\/2026\/03\/IMG_1766-1-edited-529x705.jpg 529w\" sizes=\"auto, (max-width: 1920px) 100vw, 1920px\" \/><\/figure>\n<\/figure>\n\n\n\n<figure class=\"wp-block-gallery has-nested-images columns-default is-cropped wp-block-gallery-2 is-layout-flex wp-block-gallery-is-layout-flex\">\n<figure class=\"wp-block-image size-large\"><img loading=\"lazy\" decoding=\"async\" width=\"1920\" height=\"2560\" data-id=\"5573\" src=\"https:\/\/www.plamarcell.cat\/web\/wp-content\/uploads\/2026\/03\/1ad5d1c5-34d1-4859-a821-0df00a9e49a0-2-edited-scaled.jpg\" alt=\"\" class=\"wp-image-5573\" srcset=\"https:\/\/www.plamarcell.cat\/web\/wp-content\/uploads\/2026\/03\/1ad5d1c5-34d1-4859-a821-0df00a9e49a0-2-edited-scaled.jpg 1920w, https:\/\/www.plamarcell.cat\/web\/wp-content\/uploads\/2026\/03\/1ad5d1c5-34d1-4859-a821-0df00a9e49a0-2-edited-225x300.jpg 225w, https:\/\/www.plamarcell.cat\/web\/wp-content\/uploads\/2026\/03\/1ad5d1c5-34d1-4859-a821-0df00a9e49a0-2-edited-773x1030.jpg 773w, https:\/\/www.plamarcell.cat\/web\/wp-content\/uploads\/2026\/03\/1ad5d1c5-34d1-4859-a821-0df00a9e49a0-2-edited-768x1024.jpg 768w, https:\/\/www.plamarcell.cat\/web\/wp-content\/uploads\/2026\/03\/1ad5d1c5-34d1-4859-a821-0df00a9e49a0-2-edited-1152x1536.jpg 1152w, https:\/\/www.plamarcell.cat\/web\/wp-content\/uploads\/2026\/03\/1ad5d1c5-34d1-4859-a821-0df00a9e49a0-2-edited-1536x2048.jpg 1536w, https:\/\/www.plamarcell.cat\/web\/wp-content\/uploads\/2026\/03\/1ad5d1c5-34d1-4859-a821-0df00a9e49a0-2-edited-1125x1500.jpg 1125w, https:\/\/www.plamarcell.cat\/web\/wp-content\/uploads\/2026\/03\/1ad5d1c5-34d1-4859-a821-0df00a9e49a0-2-edited-529x705.jpg 529w\" sizes=\"auto, (max-width: 1920px) 100vw, 1920px\" \/><\/figure>\n\n\n\n<figure class=\"wp-block-image size-large\"><img loading=\"lazy\" decoding=\"async\" width=\"1920\" height=\"2560\" data-id=\"5574\" src=\"https:\/\/www.plamarcell.cat\/web\/wp-content\/uploads\/2026\/03\/7938473d-5589-457e-b9c0-5ec92a8cc5db-edited-scaled.jpg\" alt=\"\" class=\"wp-image-5574\" srcset=\"https:\/\/www.plamarcell.cat\/web\/wp-content\/uploads\/2026\/03\/7938473d-5589-457e-b9c0-5ec92a8cc5db-edited-scaled.jpg 1920w, https:\/\/www.plamarcell.cat\/web\/wp-content\/uploads\/2026\/03\/7938473d-5589-457e-b9c0-5ec92a8cc5db-edited-225x300.jpg 225w, https:\/\/www.plamarcell.cat\/web\/wp-content\/uploads\/2026\/03\/7938473d-5589-457e-b9c0-5ec92a8cc5db-edited-773x1030.jpg 773w, https:\/\/www.plamarcell.cat\/web\/wp-content\/uploads\/2026\/03\/7938473d-5589-457e-b9c0-5ec92a8cc5db-edited-768x1024.jpg 768w, https:\/\/www.plamarcell.cat\/web\/wp-content\/uploads\/2026\/03\/7938473d-5589-457e-b9c0-5ec92a8cc5db-edited-1152x1536.jpg 1152w, https:\/\/www.plamarcell.cat\/web\/wp-content\/uploads\/2026\/03\/7938473d-5589-457e-b9c0-5ec92a8cc5db-edited-1536x2048.jpg 1536w, https:\/\/www.plamarcell.cat\/web\/wp-content\/uploads\/2026\/03\/7938473d-5589-457e-b9c0-5ec92a8cc5db-edited-1125x1500.jpg 1125w, https:\/\/www.plamarcell.cat\/web\/wp-content\/uploads\/2026\/03\/7938473d-5589-457e-b9c0-5ec92a8cc5db-edited-529x705.jpg 529w\" sizes=\"auto, (max-width: 1920px) 100vw, 1920px\" \/><\/figure>\n<\/figure>\n<\/div>\n<\/div>\n","protected":false},"excerpt":{"rendered":"<p>El passat dimecres 18 de febrer, els alumnes de 1r del CFGS d\u2019Educaci\u00f3 Infantil van realitzar una sortida formativa al Lab 0-6 de Manresa, un espai de refer\u00e8ncia en l\u2019\u00e0mbit de la did\u00e0ctica de les ci\u00e8ncies en les primeres edats. El Lab 0-6 \u00e9s un espai adre\u00e7at a infants de fins a 8 anys, obert [&hellip;]<\/p>\n","protected":false},"author":1,"featured_media":5524,"comment_status":"closed","ping_status":"closed","sticky":false,"template":"","format":"standard","meta":{"footnotes":"","jetpack_publicize_message":"","jetpack_publicize_feature_enabled":true,"jetpack_social_post_already_shared":true,"jetpack_social_options":{"image_generator_settings":{"template":"highway","default_image_id":0,"font":"","enabled":false},"version":2}},"categories":[33,21],"tags":[24,41],"class_list":["post-5559","post","type-post","status-publish","format-standard","has-post-thumbnail","hentry","category-cicles-formatius","category-pagina-dinici","tag-cicles-formatius","tag-educacio-infantil"],"yoast_head":"<!-- This site is optimized with the Yoast SEO plugin v27.4 - https:\/\/yoast.com\/product\/yoast-seo-wordpress\/ -->\n<title>Visita Lab 0-6 - Institut Pla Marcell<\/title>\n<meta name=\"robots\" content=\"index, follow, max-snippet:-1, max-image-preview:large, max-video-preview:-1\" \/>\n<link rel=\"canonical\" href=\"https:\/\/www.plamarcell.cat\/web\/visita-lab-0-6\/\" \/>\n<meta property=\"og:locale\" content=\"ca_ES\" \/>\n<meta property=\"og:type\" content=\"article\" \/>\n<meta property=\"og:title\" content=\"Visita Lab 0-6 - Institut Pla Marcell\" \/>\n<meta property=\"og:description\" content=\"El passat dimecres 18 de febrer, els alumnes de 1r del CFGS d\u2019Educaci\u00f3 Infantil van realitzar una sortida formativa al Lab 0-6 de Manresa, un espai de refer\u00e8ncia en l\u2019\u00e0mbit de la did\u00e0ctica de les ci\u00e8ncies en les primeres edats. El Lab 0-6 \u00e9s un espai adre\u00e7at a infants de fins a 8 anys, obert [&hellip;]\" \/>\n<meta property=\"og:url\" content=\"https:\/\/www.plamarcell.cat\/web\/visita-lab-0-6\/\" \/>\n<meta property=\"og:site_name\" content=\"Institut Pla Marcell\" \/>\n<meta property=\"article:published_time\" content=\"2026-03-10T22:40:15+00:00\" \/>\n<meta property=\"article:modified_time\" content=\"2026-04-22T19:08:31+00:00\" \/>\n<meta property=\"og:image\" content=\"https:\/\/www.plamarcell.cat\/web\/wp-content\/uploads\/2026\/02\/78afa855-6c5f-4309-b247-130b8569595c-1-1030x773.jpg\" \/>\n\t<meta property=\"og:image:width\" content=\"1030\" \/>\n\t<meta property=\"og:image:height\" content=\"773\" \/>\n\t<meta property=\"og:image:type\" content=\"image\/jpeg\" \/>\n<meta name=\"author\" content=\"f1c2b02a1225\" \/>\n<meta name=\"twitter:card\" content=\"summary_large_image\" \/>\n<meta name=\"twitter:label1\" content=\"Escrit per\" \/>\n\t<meta name=\"twitter:data1\" content=\"f1c2b02a1225\" \/>\n\t<meta name=\"twitter:label2\" content=\"Temps estimat de lectura\" \/>\n\t<meta name=\"twitter:data2\" content=\"4 minuts\" \/>\n<script type=\"application\/ld+json\" class=\"yoast-schema-graph\">{\"@context\":\"https:\\\/\\\/schema.org\",\"@graph\":[{\"@type\":\"Article\",\"@id\":\"https:\\\/\\\/www.plamarcell.cat\\\/web\\\/visita-lab-0-6\\\/#article\",\"isPartOf\":{\"@id\":\"https:\\\/\\\/www.plamarcell.cat\\\/web\\\/visita-lab-0-6\\\/\"},\"author\":{\"name\":\"f1c2b02a1225\",\"@id\":\"https:\\\/\\\/www.plamarcell.cat\\\/web\\\/#\\\/schema\\\/person\\\/6faa91fae89974b76b20b7702d1920da\"},\"headline\":\"Visita Lab 0-6\",\"datePublished\":\"2026-03-10T22:40:15+00:00\",\"dateModified\":\"2026-04-22T19:08:31+00:00\",\"mainEntityOfPage\":{\"@id\":\"https:\\\/\\\/www.plamarcell.cat\\\/web\\\/visita-lab-0-6\\\/\"},\"wordCount\":248,\"publisher\":{\"@id\":\"https:\\\/\\\/www.plamarcell.cat\\\/web\\\/#organization\"},\"image\":{\"@id\":\"https:\\\/\\\/www.plamarcell.cat\\\/web\\\/visita-lab-0-6\\\/#primaryimage\"},\"thumbnailUrl\":\"https:\\\/\\\/www.plamarcell.cat\\\/web\\\/wp-content\\\/uploads\\\/2026\\\/02\\\/78afa855-6c5f-4309-b247-130b8569595c-1-scaled.jpg\",\"keywords\":[\"Cicles Formatius\",\"Educaci\u00f3 Infantil\"],\"articleSection\":[\"Cicles Formatius\",\"P\u00e0gina d'inici\"],\"inLanguage\":\"ca\"},{\"@type\":\"WebPage\",\"@id\":\"https:\\\/\\\/www.plamarcell.cat\\\/web\\\/visita-lab-0-6\\\/\",\"url\":\"https:\\\/\\\/www.plamarcell.cat\\\/web\\\/visita-lab-0-6\\\/\",\"name\":\"Visita Lab 0-6 - Institut Pla Marcell\",\"isPartOf\":{\"@id\":\"https:\\\/\\\/www.plamarcell.cat\\\/web\\\/#website\"},\"primaryImageOfPage\":{\"@id\":\"https:\\\/\\\/www.plamarcell.cat\\\/web\\\/visita-lab-0-6\\\/#primaryimage\"},\"image\":{\"@id\":\"https:\\\/\\\/www.plamarcell.cat\\\/web\\\/visita-lab-0-6\\\/#primaryimage\"},\"thumbnailUrl\":\"https:\\\/\\\/www.plamarcell.cat\\\/web\\\/wp-content\\\/uploads\\\/2026\\\/02\\\/78afa855-6c5f-4309-b247-130b8569595c-1-scaled.jpg\",\"datePublished\":\"2026-03-10T22:40:15+00:00\",\"dateModified\":\"2026-04-22T19:08:31+00:00\",\"breadcrumb\":{\"@id\":\"https:\\\/\\\/www.plamarcell.cat\\\/web\\\/visita-lab-0-6\\\/#breadcrumb\"},\"inLanguage\":\"ca\",\"potentialAction\":[{\"@type\":\"ReadAction\",\"target\":[\"https:\\\/\\\/www.plamarcell.cat\\\/web\\\/visita-lab-0-6\\\/\"]}]},{\"@type\":\"ImageObject\",\"inLanguage\":\"ca\",\"@id\":\"https:\\\/\\\/www.plamarcell.cat\\\/web\\\/visita-lab-0-6\\\/#primaryimage\",\"url\":\"https:\\\/\\\/www.plamarcell.cat\\\/web\\\/wp-content\\\/uploads\\\/2026\\\/02\\\/78afa855-6c5f-4309-b247-130b8569595c-1-scaled.jpg\",\"contentUrl\":\"https:\\\/\\\/www.plamarcell.cat\\\/web\\\/wp-content\\\/uploads\\\/2026\\\/02\\\/78afa855-6c5f-4309-b247-130b8569595c-1-scaled.jpg\",\"width\":2560,\"height\":1920},{\"@type\":\"BreadcrumbList\",\"@id\":\"https:\\\/\\\/www.plamarcell.cat\\\/web\\\/visita-lab-0-6\\\/#breadcrumb\",\"itemListElement\":[{\"@type\":\"ListItem\",\"position\":1,\"name\":\"Inici\",\"item\":\"https:\\\/\\\/www.plamarcell.cat\\\/web\\\/\"},{\"@type\":\"ListItem\",\"position\":2,\"name\":\"Visita Lab 0-6\"}]},{\"@type\":\"WebSite\",\"@id\":\"https:\\\/\\\/www.plamarcell.cat\\\/web\\\/#website\",\"url\":\"https:\\\/\\\/www.plamarcell.cat\\\/web\\\/\",\"name\":\"Institut Pla Marcell\",\"description\":\"Decidir, conviure i aprendre\",\"publisher\":{\"@id\":\"https:\\\/\\\/www.plamarcell.cat\\\/web\\\/#organization\"},\"potentialAction\":[{\"@type\":\"SearchAction\",\"target\":{\"@type\":\"EntryPoint\",\"urlTemplate\":\"https:\\\/\\\/www.plamarcell.cat\\\/web\\\/?s={search_term_string}\"},\"query-input\":{\"@type\":\"PropertyValueSpecification\",\"valueRequired\":true,\"valueName\":\"search_term_string\"}}],\"inLanguage\":\"ca\"},{\"@type\":\"Organization\",\"@id\":\"https:\\\/\\\/www.plamarcell.cat\\\/web\\\/#organization\",\"name\":\"Institut Pla Marcell\",\"url\":\"https:\\\/\\\/www.plamarcell.cat\\\/web\\\/\",\"logo\":{\"@type\":\"ImageObject\",\"inLanguage\":\"ca\",\"@id\":\"https:\\\/\\\/www.plamarcell.cat\\\/web\\\/#\\\/schema\\\/logo\\\/image\\\/\",\"url\":\"https:\\\/\\\/www.plamarcell.cat\\\/web\\\/wp-content\\\/uploads\\\/2025\\\/03\\\/ima-Logo-header-1.png\",\"contentUrl\":\"https:\\\/\\\/www.plamarcell.cat\\\/web\\\/wp-content\\\/uploads\\\/2025\\\/03\\\/ima-Logo-header-1.png\",\"width\":1200,\"height\":700,\"caption\":\"Institut Pla Marcell\"},\"image\":{\"@id\":\"https:\\\/\\\/www.plamarcell.cat\\\/web\\\/#\\\/schema\\\/logo\\\/image\\\/\"},\"sameAs\":[\"https:\\\/\\\/www.instagram.com\\\/pla.marcell\\\/\"]},{\"@type\":\"Person\",\"@id\":\"https:\\\/\\\/www.plamarcell.cat\\\/web\\\/#\\\/schema\\\/person\\\/6faa91fae89974b76b20b7702d1920da\",\"name\":\"f1c2b02a1225\",\"image\":{\"@type\":\"ImageObject\",\"inLanguage\":\"ca\",\"@id\":\"https:\\\/\\\/secure.gravatar.com\\\/avatar\\\/5b488f4f1a77d45180bbae5938ab699df692d0c9f43fa4ebd195ac2b5c4678bd?s=96&d=mm&r=g\",\"url\":\"https:\\\/\\\/secure.gravatar.com\\\/avatar\\\/5b488f4f1a77d45180bbae5938ab699df692d0c9f43fa4ebd195ac2b5c4678bd?s=96&d=mm&r=g\",\"contentUrl\":\"https:\\\/\\\/secure.gravatar.com\\\/avatar\\\/5b488f4f1a77d45180bbae5938ab699df692d0c9f43fa4ebd195ac2b5c4678bd?s=96&d=mm&r=g\",\"caption\":\"f1c2b02a1225\"},\"sameAs\":[\"http:\\\/\\\/plamarcell.com.mialias.net\"],\"url\":\"https:\\\/\\\/www.plamarcell.cat\\\/web\\\/author\\\/f1c2b02a1225\\\/\"}]}<\/script>\n<!-- \/ Yoast SEO plugin. -->","yoast_head_json":{"title":"Visita Lab 0-6 - Institut Pla Marcell","robots":{"index":"index","follow":"follow","max-snippet":"max-snippet:-1","max-image-preview":"max-image-preview:large","max-video-preview":"max-video-preview:-1"},"canonical":"https:\/\/www.plamarcell.cat\/web\/visita-lab-0-6\/","og_locale":"ca_ES","og_type":"article","og_title":"Visita Lab 0-6 - Institut Pla Marcell","og_description":"El passat dimecres 18 de febrer, els alumnes de 1r del CFGS d\u2019Educaci\u00f3 Infantil van realitzar una sortida formativa al Lab 0-6 de Manresa, un espai de refer\u00e8ncia en l\u2019\u00e0mbit de la did\u00e0ctica de les ci\u00e8ncies en les primeres edats. El Lab 0-6 \u00e9s un espai adre\u00e7at a infants de fins a 8 anys, obert [&hellip;]","og_url":"https:\/\/www.plamarcell.cat\/web\/visita-lab-0-6\/","og_site_name":"Institut Pla Marcell","article_published_time":"2026-03-10T22:40:15+00:00","article_modified_time":"2026-04-22T19:08:31+00:00","og_image":[{"width":1030,"height":773,"url":"https:\/\/www.plamarcell.cat\/web\/wp-content\/uploads\/2026\/02\/78afa855-6c5f-4309-b247-130b8569595c-1-1030x773.jpg","type":"image\/jpeg"}],"author":"f1c2b02a1225","twitter_card":"summary_large_image","twitter_misc":{"Escrit per":"f1c2b02a1225","Temps estimat de lectura":"4 minuts"},"schema":{"@context":"https:\/\/schema.org","@graph":[{"@type":"Article","@id":"https:\/\/www.plamarcell.cat\/web\/visita-lab-0-6\/#article","isPartOf":{"@id":"https:\/\/www.plamarcell.cat\/web\/visita-lab-0-6\/"},"author":{"name":"f1c2b02a1225","@id":"https:\/\/www.plamarcell.cat\/web\/#\/schema\/person\/6faa91fae89974b76b20b7702d1920da"},"headline":"Visita Lab 0-6","datePublished":"2026-03-10T22:40:15+00:00","dateModified":"2026-04-22T19:08:31+00:00","mainEntityOfPage":{"@id":"https:\/\/www.plamarcell.cat\/web\/visita-lab-0-6\/"},"wordCount":248,"publisher":{"@id":"https:\/\/www.plamarcell.cat\/web\/#organization"},"image":{"@id":"https:\/\/www.plamarcell.cat\/web\/visita-lab-0-6\/#primaryimage"},"thumbnailUrl":"https:\/\/www.plamarcell.cat\/web\/wp-content\/uploads\/2026\/02\/78afa855-6c5f-4309-b247-130b8569595c-1-scaled.jpg","keywords":["Cicles Formatius","Educaci\u00f3 Infantil"],"articleSection":["Cicles Formatius","P\u00e0gina d'inici"],"inLanguage":"ca"},{"@type":"WebPage","@id":"https:\/\/www.plamarcell.cat\/web\/visita-lab-0-6\/","url":"https:\/\/www.plamarcell.cat\/web\/visita-lab-0-6\/","name":"Visita Lab 0-6 - Institut Pla Marcell","isPartOf":{"@id":"https:\/\/www.plamarcell.cat\/web\/#website"},"primaryImageOfPage":{"@id":"https:\/\/www.plamarcell.cat\/web\/visita-lab-0-6\/#primaryimage"},"image":{"@id":"https:\/\/www.plamarcell.cat\/web\/visita-lab-0-6\/#primaryimage"},"thumbnailUrl":"https:\/\/www.plamarcell.cat\/web\/wp-content\/uploads\/2026\/02\/78afa855-6c5f-4309-b247-130b8569595c-1-scaled.jpg","datePublished":"2026-03-10T22:40:15+00:00","dateModified":"2026-04-22T19:08:31+00:00","breadcrumb":{"@id":"https:\/\/www.plamarcell.cat\/web\/visita-lab-0-6\/#breadcrumb"},"inLanguage":"ca","potentialAction":[{"@type":"ReadAction","target":["https:\/\/www.plamarcell.cat\/web\/visita-lab-0-6\/"]}]},{"@type":"ImageObject","inLanguage":"ca","@id":"https:\/\/www.plamarcell.cat\/web\/visita-lab-0-6\/#primaryimage","url":"https:\/\/www.plamarcell.cat\/web\/wp-content\/uploads\/2026\/02\/78afa855-6c5f-4309-b247-130b8569595c-1-scaled.jpg","contentUrl":"https:\/\/www.plamarcell.cat\/web\/wp-content\/uploads\/2026\/02\/78afa855-6c5f-4309-b247-130b8569595c-1-scaled.jpg","width":2560,"height":1920},{"@type":"BreadcrumbList","@id":"https:\/\/www.plamarcell.cat\/web\/visita-lab-0-6\/#breadcrumb","itemListElement":[{"@type":"ListItem","position":1,"name":"Inici","item":"https:\/\/www.plamarcell.cat\/web\/"},{"@type":"ListItem","position":2,"name":"Visita Lab 0-6"}]},{"@type":"WebSite","@id":"https:\/\/www.plamarcell.cat\/web\/#website","url":"https:\/\/www.plamarcell.cat\/web\/","name":"Institut Pla Marcell","description":"Decidir, conviure i aprendre","publisher":{"@id":"https:\/\/www.plamarcell.cat\/web\/#organization"},"potentialAction":[{"@type":"SearchAction","target":{"@type":"EntryPoint","urlTemplate":"https:\/\/www.plamarcell.cat\/web\/?s={search_term_string}"},"query-input":{"@type":"PropertyValueSpecification","valueRequired":true,"valueName":"search_term_string"}}],"inLanguage":"ca"},{"@type":"Organization","@id":"https:\/\/www.plamarcell.cat\/web\/#organization","name":"Institut Pla Marcell","url":"https:\/\/www.plamarcell.cat\/web\/","logo":{"@type":"ImageObject","inLanguage":"ca","@id":"https:\/\/www.plamarcell.cat\/web\/#\/schema\/logo\/image\/","url":"https:\/\/www.plamarcell.cat\/web\/wp-content\/uploads\/2025\/03\/ima-Logo-header-1.png","contentUrl":"https:\/\/www.plamarcell.cat\/web\/wp-content\/uploads\/2025\/03\/ima-Logo-header-1.png","width":1200,"height":700,"caption":"Institut Pla Marcell"},"image":{"@id":"https:\/\/www.plamarcell.cat\/web\/#\/schema\/logo\/image\/"},"sameAs":["https:\/\/www.instagram.com\/pla.marcell\/"]},{"@type":"Person","@id":"https:\/\/www.plamarcell.cat\/web\/#\/schema\/person\/6faa91fae89974b76b20b7702d1920da","name":"f1c2b02a1225","image":{"@type":"ImageObject","inLanguage":"ca","@id":"https:\/\/secure.gravatar.com\/avatar\/5b488f4f1a77d45180bbae5938ab699df692d0c9f43fa4ebd195ac2b5c4678bd?s=96&d=mm&r=g","url":"https:\/\/secure.gravatar.com\/avatar\/5b488f4f1a77d45180bbae5938ab699df692d0c9f43fa4ebd195ac2b5c4678bd?s=96&d=mm&r=g","contentUrl":"https:\/\/secure.gravatar.com\/avatar\/5b488f4f1a77d45180bbae5938ab699df692d0c9f43fa4ebd195ac2b5c4678bd?s=96&d=mm&r=g","caption":"f1c2b02a1225"},"sameAs":["http:\/\/plamarcell.com.mialias.net"],"url":"https:\/\/www.plamarcell.cat\/web\/author\/f1c2b02a1225\/"}]}},"jetpack_publicize_connections":[],"_links":{"self":[{"href":"https:\/\/www.plamarcell.cat\/web\/wp-json\/wp\/v2\/posts\/5559","targetHints":{"allow":["GET"]}}],"collection":[{"href":"https:\/\/www.plamarcell.cat\/web\/wp-json\/wp\/v2\/posts"}],"about":[{"href":"https:\/\/www.plamarcell.cat\/web\/wp-json\/wp\/v2\/types\/post"}],"author":[{"embeddable":true,"href":"https:\/\/www.plamarcell.cat\/web\/wp-json\/wp\/v2\/users\/1"}],"replies":[{"embeddable":true,"href":"https:\/\/www.plamarcell.cat\/web\/wp-json\/wp\/v2\/comments?post=5559"}],"version-history":[{"count":11,"href":"https:\/\/www.plamarcell.cat\/web\/wp-json\/wp\/v2\/posts\/5559\/revisions"}],"predecessor-version":[{"id":5579,"href":"https:\/\/www.plamarcell.cat\/web\/wp-json\/wp\/v2\/posts\/5559\/revisions\/5579"}],"wp:featuredmedia":[{"embeddable":true,"href":"https:\/\/www.plamarcell.cat\/web\/wp-json\/wp\/v2\/media\/5524"}],"wp:attachment":[{"href":"https:\/\/www.plamarcell.cat\/web\/wp-json\/wp\/v2\/media?parent=5559"}],"wp:term":[{"taxonomy":"category","embeddable":true,"href":"https:\/\/www.plamarcell.cat\/web\/wp-json\/wp\/v2\/categories?post=5559"},{"taxonomy":"post_tag","embeddable":true,"href":"https:\/\/www.plamarcell.cat\/web\/wp-json\/wp\/v2\/tags?post=5559"}],"curies":[{"name":"wp","href":"https:\/\/api.w.org\/{rel}","templated":true}]}}