{"id":5620,"date":"2026-03-18T18:56:40","date_gmt":"2026-03-18T17:56:40","guid":{"rendered":"https:\/\/www.plamarcell.cat\/web\/?p=5620"},"modified":"2026-04-22T21:06:56","modified_gmt":"2026-04-22T19:06:56","slug":"el-projecte-freia","status":"publish","type":"post","link":"https:\/\/www.plamarcell.cat\/web\/el-projecte-freia\/","title":{"rendered":"EL PROJECTE FREIA"},"content":{"rendered":"\n<p><\/p>\n\n\n\n<figure class=\"wp-block-image aligncenter size-full is-resized is-style-default\"><img loading=\"lazy\" decoding=\"async\" width=\"444\" height=\"456\" src=\"https:\/\/www.plamarcell.cat\/web\/wp-content\/uploads\/2026\/03\/Captura-de-pantalla-2026-03-18-a-las-18.48.11.png\" alt=\"\" class=\"wp-image-5627\" style=\"aspect-ratio:0.973750042836092;object-fit:cover;width:223px;height:auto\" srcset=\"https:\/\/www.plamarcell.cat\/web\/wp-content\/uploads\/2026\/03\/Captura-de-pantalla-2026-03-18-a-las-18.48.11.png 444w, https:\/\/www.plamarcell.cat\/web\/wp-content\/uploads\/2026\/03\/Captura-de-pantalla-2026-03-18-a-las-18.48.11-292x300.png 292w, https:\/\/www.plamarcell.cat\/web\/wp-content\/uploads\/2026\/03\/Captura-de-pantalla-2026-03-18-a-las-18.48.11-36x36.png 36w\" sizes=\"auto, (max-width: 444px) 100vw, 444px\" \/><\/figure>\n\n\n\n<p><strong>Qu\u00e8 \u00e9s el Projecte Freia ?<\/strong><\/p>\n\n\n\n<p>El projecte Freia \u00e9s un projecte creat per els alumnes de 1r i 2n d\u2019IFE del institut Pla Marcell de Cardedeu&nbsp;<\/p>\n\n\n\n<p><strong>Qu\u00e8 fem en el Projecte?<\/strong><\/p>\n\n\n\n<p>Manteniment i cura de plantes i animals, elaboraci\u00f3&nbsp; i venda de productes al professorat. Actualment hem cuinat melmelada de taronja i confitura de cabell d&#8217;\u00e0ngel<\/p>\n\n\n\n<p><strong>Quins productes venem?<\/strong><\/p>\n\n\n\n<p>Hem venut ous, melmelada , olives , bossetes de te, verdures de l\u2019hort (enciam , bledes remolatxa,\u00a0 pastanaga,p\u00e8sols,&#8230;).\u00a0Tamb\u00e9 hem fet pomada de calendula i ung\u00fcent de aloe vera.<\/p>\n\n\n\n<p><\/p>\n\n\n\n<p>Si voleu m\u00e9s informaci\u00f3 aqu\u00ed teniu el link de la p\u00e1gina web:<\/p>\n\n\n\n<p><a href=\"https:\/\/sites.google.com\/plamarcell.net\/el-rebost-de-la-freia\/p%C3%A0gina-principal\">https:\/\/sites.google.com\/plamarcell.net\/el-rebost-de-la-freia\/p%C3%A0gina-principal<\/a><\/p>\n\n\n\n<figure class=\"wp-block-gallery has-nested-images columns-default is-cropped wp-block-gallery-1 is-layout-flex wp-block-gallery-is-layout-flex\">\n<figure class=\"wp-block-image size-large\"><img loading=\"lazy\" decoding=\"async\" width=\"649\" height=\"654\" data-id=\"5625\" src=\"https:\/\/www.plamarcell.cat\/web\/wp-content\/uploads\/2026\/03\/Captura-de-pantalla-2026-03-18-a-las-18.43.43.png\" alt=\"\" class=\"wp-image-5625\" srcset=\"https:\/\/www.plamarcell.cat\/web\/wp-content\/uploads\/2026\/03\/Captura-de-pantalla-2026-03-18-a-las-18.43.43.png 649w, https:\/\/www.plamarcell.cat\/web\/wp-content\/uploads\/2026\/03\/Captura-de-pantalla-2026-03-18-a-las-18.43.43-298x300.png 298w, https:\/\/www.plamarcell.cat\/web\/wp-content\/uploads\/2026\/03\/Captura-de-pantalla-2026-03-18-a-las-18.43.43-80x80.png 80w, https:\/\/www.plamarcell.cat\/web\/wp-content\/uploads\/2026\/03\/Captura-de-pantalla-2026-03-18-a-las-18.43.43-36x36.png 36w, https:\/\/www.plamarcell.cat\/web\/wp-content\/uploads\/2026\/03\/Captura-de-pantalla-2026-03-18-a-las-18.43.43-180x180.png 180w\" sizes=\"auto, (max-width: 649px) 100vw, 649px\" \/><\/figure>\n\n\n\n<figure class=\"wp-block-image size-large\"><img loading=\"lazy\" decoding=\"async\" width=\"899\" height=\"982\" data-id=\"5623\" src=\"https:\/\/www.plamarcell.cat\/web\/wp-content\/uploads\/2026\/03\/image-2.png\" alt=\"\" class=\"wp-image-5623\" srcset=\"https:\/\/www.plamarcell.cat\/web\/wp-content\/uploads\/2026\/03\/image-2.png 899w, https:\/\/www.plamarcell.cat\/web\/wp-content\/uploads\/2026\/03\/image-2-275x300.png 275w, https:\/\/www.plamarcell.cat\/web\/wp-content\/uploads\/2026\/03\/image-2-768x839.png 768w, https:\/\/www.plamarcell.cat\/web\/wp-content\/uploads\/2026\/03\/image-2-645x705.png 645w\" sizes=\"auto, (max-width: 899px) 100vw, 899px\" \/><\/figure>\n<\/figure>\n\n\n\n<figure class=\"wp-block-image size-large\"><img loading=\"lazy\" decoding=\"async\" width=\"1030\" height=\"753\" src=\"https:\/\/www.plamarcell.cat\/web\/wp-content\/uploads\/2026\/03\/image-1030x753.png\" alt=\"\" class=\"wp-image-5621\" srcset=\"https:\/\/www.plamarcell.cat\/web\/wp-content\/uploads\/2026\/03\/image-1030x753.png 1030w, https:\/\/www.plamarcell.cat\/web\/wp-content\/uploads\/2026\/03\/image-300x219.png 300w, https:\/\/www.plamarcell.cat\/web\/wp-content\/uploads\/2026\/03\/image-768x562.png 768w, https:\/\/www.plamarcell.cat\/web\/wp-content\/uploads\/2026\/03\/image-705x516.png 705w, https:\/\/www.plamarcell.cat\/web\/wp-content\/uploads\/2026\/03\/image.png 1080w\" sizes=\"auto, (max-width: 1030px) 100vw, 1030px\" \/><\/figure>\n","protected":false},"excerpt":{"rendered":"<p>Qu\u00e8 \u00e9s el Projecte Freia ? El projecte Freia \u00e9s un projecte creat per els alumnes de 1r i 2n d\u2019IFE del institut Pla Marcell de Cardedeu&nbsp; Qu\u00e8 fem en el Projecte? Manteniment i cura de plantes i animals, elaboraci\u00f3&nbsp; i venda de productes al professorat. Actualment hem cuinat melmelada de taronja i confitura de [&hellip;]<\/p>\n","protected":false},"author":1,"featured_media":5622,"comment_status":"closed","ping_status":"closed","sticky":false,"template":"","format":"standard","meta":{"footnotes":"","jetpack_publicize_message":"","jetpack_publicize_feature_enabled":true,"jetpack_social_post_already_shared":true,"jetpack_social_options":{"image_generator_settings":{"template":"highway","default_image_id":0,"font":"","enabled":false},"version":2}},"categories":[34,21],"tags":[51,50],"class_list":["post-5620","post","type-post","status-publish","format-standard","has-post-thumbnail","hentry","category-ife","category-pagina-dinici","tag-freia","tag-ife"],"yoast_head":"<!-- This site is optimized with the Yoast SEO plugin v27.4 - https:\/\/yoast.com\/product\/yoast-seo-wordpress\/ -->\n<title>EL PROJECTE FREIA - Institut Pla Marcell<\/title>\n<meta name=\"robots\" content=\"index, follow, max-snippet:-1, max-image-preview:large, max-video-preview:-1\" \/>\n<link rel=\"canonical\" href=\"https:\/\/www.plamarcell.cat\/web\/el-projecte-freia\/\" \/>\n<meta property=\"og:locale\" content=\"ca_ES\" \/>\n<meta property=\"og:type\" content=\"article\" \/>\n<meta property=\"og:title\" content=\"EL PROJECTE FREIA - Institut Pla Marcell\" \/>\n<meta property=\"og:description\" content=\"Qu\u00e8 \u00e9s el Projecte Freia ? El projecte Freia \u00e9s un projecte creat per els alumnes de 1r i 2n d\u2019IFE del institut Pla Marcell de Cardedeu&nbsp; Qu\u00e8 fem en el Projecte? Manteniment i cura de plantes i animals, elaboraci\u00f3&nbsp; i venda de productes al professorat. Actualment hem cuinat melmelada de taronja i confitura de [&hellip;]\" \/>\n<meta property=\"og:url\" content=\"https:\/\/www.plamarcell.cat\/web\/el-projecte-freia\/\" \/>\n<meta property=\"og:site_name\" content=\"Institut Pla Marcell\" \/>\n<meta property=\"article:published_time\" content=\"2026-03-18T17:56:40+00:00\" \/>\n<meta property=\"article:modified_time\" content=\"2026-04-22T19:06:56+00:00\" \/>\n<meta property=\"og:image\" content=\"https:\/\/www.plamarcell.cat\/web\/wp-content\/uploads\/2026\/03\/image-1.png\" \/>\n\t<meta property=\"og:image:width\" content=\"982\" \/>\n\t<meta property=\"og:image:height\" content=\"738\" \/>\n\t<meta property=\"og:image:type\" content=\"image\/png\" \/>\n<meta name=\"author\" content=\"f1c2b02a1225\" \/>\n<meta name=\"twitter:card\" content=\"summary_large_image\" \/>\n<meta name=\"twitter:label1\" content=\"Escrit per\" \/>\n\t<meta name=\"twitter:data1\" content=\"f1c2b02a1225\" \/>\n\t<meta name=\"twitter:label2\" content=\"Temps estimat de lectura\" \/>\n\t<meta name=\"twitter:data2\" content=\"2 minuts\" \/>\n<script type=\"application\/ld+json\" class=\"yoast-schema-graph\">{\"@context\":\"https:\\\/\\\/schema.org\",\"@graph\":[{\"@type\":\"Article\",\"@id\":\"https:\\\/\\\/www.plamarcell.cat\\\/web\\\/el-projecte-freia\\\/#article\",\"isPartOf\":{\"@id\":\"https:\\\/\\\/www.plamarcell.cat\\\/web\\\/el-projecte-freia\\\/\"},\"author\":{\"name\":\"f1c2b02a1225\",\"@id\":\"https:\\\/\\\/www.plamarcell.cat\\\/web\\\/#\\\/schema\\\/person\\\/6faa91fae89974b76b20b7702d1920da\"},\"headline\":\"EL PROJECTE FREIA\",\"datePublished\":\"2026-03-18T17:56:40+00:00\",\"dateModified\":\"2026-04-22T19:06:56+00:00\",\"mainEntityOfPage\":{\"@id\":\"https:\\\/\\\/www.plamarcell.cat\\\/web\\\/el-projecte-freia\\\/\"},\"wordCount\":121,\"publisher\":{\"@id\":\"https:\\\/\\\/www.plamarcell.cat\\\/web\\\/#organization\"},\"image\":{\"@id\":\"https:\\\/\\\/www.plamarcell.cat\\\/web\\\/el-projecte-freia\\\/#primaryimage\"},\"thumbnailUrl\":\"https:\\\/\\\/www.plamarcell.cat\\\/web\\\/wp-content\\\/uploads\\\/2026\\\/03\\\/image-1.png\",\"keywords\":[\"FREIA\",\"IFE\"],\"articleSection\":[\"IFE\",\"P\u00e0gina d'inici\"],\"inLanguage\":\"ca\"},{\"@type\":\"WebPage\",\"@id\":\"https:\\\/\\\/www.plamarcell.cat\\\/web\\\/el-projecte-freia\\\/\",\"url\":\"https:\\\/\\\/www.plamarcell.cat\\\/web\\\/el-projecte-freia\\\/\",\"name\":\"EL PROJECTE FREIA - Institut Pla Marcell\",\"isPartOf\":{\"@id\":\"https:\\\/\\\/www.plamarcell.cat\\\/web\\\/#website\"},\"primaryImageOfPage\":{\"@id\":\"https:\\\/\\\/www.plamarcell.cat\\\/web\\\/el-projecte-freia\\\/#primaryimage\"},\"image\":{\"@id\":\"https:\\\/\\\/www.plamarcell.cat\\\/web\\\/el-projecte-freia\\\/#primaryimage\"},\"thumbnailUrl\":\"https:\\\/\\\/www.plamarcell.cat\\\/web\\\/wp-content\\\/uploads\\\/2026\\\/03\\\/image-1.png\",\"datePublished\":\"2026-03-18T17:56:40+00:00\",\"dateModified\":\"2026-04-22T19:06:56+00:00\",\"breadcrumb\":{\"@id\":\"https:\\\/\\\/www.plamarcell.cat\\\/web\\\/el-projecte-freia\\\/#breadcrumb\"},\"inLanguage\":\"ca\",\"potentialAction\":[{\"@type\":\"ReadAction\",\"target\":[\"https:\\\/\\\/www.plamarcell.cat\\\/web\\\/el-projecte-freia\\\/\"]}]},{\"@type\":\"ImageObject\",\"inLanguage\":\"ca\",\"@id\":\"https:\\\/\\\/www.plamarcell.cat\\\/web\\\/el-projecte-freia\\\/#primaryimage\",\"url\":\"https:\\\/\\\/www.plamarcell.cat\\\/web\\\/wp-content\\\/uploads\\\/2026\\\/03\\\/image-1.png\",\"contentUrl\":\"https:\\\/\\\/www.plamarcell.cat\\\/web\\\/wp-content\\\/uploads\\\/2026\\\/03\\\/image-1.png\",\"width\":982,\"height\":738},{\"@type\":\"BreadcrumbList\",\"@id\":\"https:\\\/\\\/www.plamarcell.cat\\\/web\\\/el-projecte-freia\\\/#breadcrumb\",\"itemListElement\":[{\"@type\":\"ListItem\",\"position\":1,\"name\":\"Inici\",\"item\":\"https:\\\/\\\/www.plamarcell.cat\\\/web\\\/\"},{\"@type\":\"ListItem\",\"position\":2,\"name\":\"EL PROJECTE FREIA\"}]},{\"@type\":\"WebSite\",\"@id\":\"https:\\\/\\\/www.plamarcell.cat\\\/web\\\/#website\",\"url\":\"https:\\\/\\\/www.plamarcell.cat\\\/web\\\/\",\"name\":\"Institut Pla Marcell\",\"description\":\"Decidir, conviure i aprendre\",\"publisher\":{\"@id\":\"https:\\\/\\\/www.plamarcell.cat\\\/web\\\/#organization\"},\"potentialAction\":[{\"@type\":\"SearchAction\",\"target\":{\"@type\":\"EntryPoint\",\"urlTemplate\":\"https:\\\/\\\/www.plamarcell.cat\\\/web\\\/?s={search_term_string}\"},\"query-input\":{\"@type\":\"PropertyValueSpecification\",\"valueRequired\":true,\"valueName\":\"search_term_string\"}}],\"inLanguage\":\"ca\"},{\"@type\":\"Organization\",\"@id\":\"https:\\\/\\\/www.plamarcell.cat\\\/web\\\/#organization\",\"name\":\"Institut Pla Marcell\",\"url\":\"https:\\\/\\\/www.plamarcell.cat\\\/web\\\/\",\"logo\":{\"@type\":\"ImageObject\",\"inLanguage\":\"ca\",\"@id\":\"https:\\\/\\\/www.plamarcell.cat\\\/web\\\/#\\\/schema\\\/logo\\\/image\\\/\",\"url\":\"https:\\\/\\\/www.plamarcell.cat\\\/web\\\/wp-content\\\/uploads\\\/2025\\\/03\\\/ima-Logo-header-1.png\",\"contentUrl\":\"https:\\\/\\\/www.plamarcell.cat\\\/web\\\/wp-content\\\/uploads\\\/2025\\\/03\\\/ima-Logo-header-1.png\",\"width\":1200,\"height\":700,\"caption\":\"Institut Pla Marcell\"},\"image\":{\"@id\":\"https:\\\/\\\/www.plamarcell.cat\\\/web\\\/#\\\/schema\\\/logo\\\/image\\\/\"},\"sameAs\":[\"https:\\\/\\\/www.instagram.com\\\/pla.marcell\\\/\"]},{\"@type\":\"Person\",\"@id\":\"https:\\\/\\\/www.plamarcell.cat\\\/web\\\/#\\\/schema\\\/person\\\/6faa91fae89974b76b20b7702d1920da\",\"name\":\"f1c2b02a1225\",\"image\":{\"@type\":\"ImageObject\",\"inLanguage\":\"ca\",\"@id\":\"https:\\\/\\\/secure.gravatar.com\\\/avatar\\\/5b488f4f1a77d45180bbae5938ab699df692d0c9f43fa4ebd195ac2b5c4678bd?s=96&d=mm&r=g\",\"url\":\"https:\\\/\\\/secure.gravatar.com\\\/avatar\\\/5b488f4f1a77d45180bbae5938ab699df692d0c9f43fa4ebd195ac2b5c4678bd?s=96&d=mm&r=g\",\"contentUrl\":\"https:\\\/\\\/secure.gravatar.com\\\/avatar\\\/5b488f4f1a77d45180bbae5938ab699df692d0c9f43fa4ebd195ac2b5c4678bd?s=96&d=mm&r=g\",\"caption\":\"f1c2b02a1225\"},\"sameAs\":[\"http:\\\/\\\/plamarcell.com.mialias.net\"],\"url\":\"https:\\\/\\\/www.plamarcell.cat\\\/web\\\/author\\\/f1c2b02a1225\\\/\"}]}<\/script>\n<!-- \/ Yoast SEO plugin. -->","yoast_head_json":{"title":"EL PROJECTE FREIA - Institut Pla Marcell","robots":{"index":"index","follow":"follow","max-snippet":"max-snippet:-1","max-image-preview":"max-image-preview:large","max-video-preview":"max-video-preview:-1"},"canonical":"https:\/\/www.plamarcell.cat\/web\/el-projecte-freia\/","og_locale":"ca_ES","og_type":"article","og_title":"EL PROJECTE FREIA - Institut Pla Marcell","og_description":"Qu\u00e8 \u00e9s el Projecte Freia ? El projecte Freia \u00e9s un projecte creat per els alumnes de 1r i 2n d\u2019IFE del institut Pla Marcell de Cardedeu&nbsp; Qu\u00e8 fem en el Projecte? Manteniment i cura de plantes i animals, elaboraci\u00f3&nbsp; i venda de productes al professorat. Actualment hem cuinat melmelada de taronja i confitura de [&hellip;]","og_url":"https:\/\/www.plamarcell.cat\/web\/el-projecte-freia\/","og_site_name":"Institut Pla Marcell","article_published_time":"2026-03-18T17:56:40+00:00","article_modified_time":"2026-04-22T19:06:56+00:00","og_image":[{"width":982,"height":738,"url":"https:\/\/www.plamarcell.cat\/web\/wp-content\/uploads\/2026\/03\/image-1.png","type":"image\/png"}],"author":"f1c2b02a1225","twitter_card":"summary_large_image","twitter_misc":{"Escrit per":"f1c2b02a1225","Temps estimat de lectura":"2 minuts"},"schema":{"@context":"https:\/\/schema.org","@graph":[{"@type":"Article","@id":"https:\/\/www.plamarcell.cat\/web\/el-projecte-freia\/#article","isPartOf":{"@id":"https:\/\/www.plamarcell.cat\/web\/el-projecte-freia\/"},"author":{"name":"f1c2b02a1225","@id":"https:\/\/www.plamarcell.cat\/web\/#\/schema\/person\/6faa91fae89974b76b20b7702d1920da"},"headline":"EL PROJECTE FREIA","datePublished":"2026-03-18T17:56:40+00:00","dateModified":"2026-04-22T19:06:56+00:00","mainEntityOfPage":{"@id":"https:\/\/www.plamarcell.cat\/web\/el-projecte-freia\/"},"wordCount":121,"publisher":{"@id":"https:\/\/www.plamarcell.cat\/web\/#organization"},"image":{"@id":"https:\/\/www.plamarcell.cat\/web\/el-projecte-freia\/#primaryimage"},"thumbnailUrl":"https:\/\/www.plamarcell.cat\/web\/wp-content\/uploads\/2026\/03\/image-1.png","keywords":["FREIA","IFE"],"articleSection":["IFE","P\u00e0gina d'inici"],"inLanguage":"ca"},{"@type":"WebPage","@id":"https:\/\/www.plamarcell.cat\/web\/el-projecte-freia\/","url":"https:\/\/www.plamarcell.cat\/web\/el-projecte-freia\/","name":"EL PROJECTE FREIA - Institut Pla Marcell","isPartOf":{"@id":"https:\/\/www.plamarcell.cat\/web\/#website"},"primaryImageOfPage":{"@id":"https:\/\/www.plamarcell.cat\/web\/el-projecte-freia\/#primaryimage"},"image":{"@id":"https:\/\/www.plamarcell.cat\/web\/el-projecte-freia\/#primaryimage"},"thumbnailUrl":"https:\/\/www.plamarcell.cat\/web\/wp-content\/uploads\/2026\/03\/image-1.png","datePublished":"2026-03-18T17:56:40+00:00","dateModified":"2026-04-22T19:06:56+00:00","breadcrumb":{"@id":"https:\/\/www.plamarcell.cat\/web\/el-projecte-freia\/#breadcrumb"},"inLanguage":"ca","potentialAction":[{"@type":"ReadAction","target":["https:\/\/www.plamarcell.cat\/web\/el-projecte-freia\/"]}]},{"@type":"ImageObject","inLanguage":"ca","@id":"https:\/\/www.plamarcell.cat\/web\/el-projecte-freia\/#primaryimage","url":"https:\/\/www.plamarcell.cat\/web\/wp-content\/uploads\/2026\/03\/image-1.png","contentUrl":"https:\/\/www.plamarcell.cat\/web\/wp-content\/uploads\/2026\/03\/image-1.png","width":982,"height":738},{"@type":"BreadcrumbList","@id":"https:\/\/www.plamarcell.cat\/web\/el-projecte-freia\/#breadcrumb","itemListElement":[{"@type":"ListItem","position":1,"name":"Inici","item":"https:\/\/www.plamarcell.cat\/web\/"},{"@type":"ListItem","position":2,"name":"EL PROJECTE FREIA"}]},{"@type":"WebSite","@id":"https:\/\/www.plamarcell.cat\/web\/#website","url":"https:\/\/www.plamarcell.cat\/web\/","name":"Institut Pla Marcell","description":"Decidir, conviure i aprendre","publisher":{"@id":"https:\/\/www.plamarcell.cat\/web\/#organization"},"potentialAction":[{"@type":"SearchAction","target":{"@type":"EntryPoint","urlTemplate":"https:\/\/www.plamarcell.cat\/web\/?s={search_term_string}"},"query-input":{"@type":"PropertyValueSpecification","valueRequired":true,"valueName":"search_term_string"}}],"inLanguage":"ca"},{"@type":"Organization","@id":"https:\/\/www.plamarcell.cat\/web\/#organization","name":"Institut Pla Marcell","url":"https:\/\/www.plamarcell.cat\/web\/","logo":{"@type":"ImageObject","inLanguage":"ca","@id":"https:\/\/www.plamarcell.cat\/web\/#\/schema\/logo\/image\/","url":"https:\/\/www.plamarcell.cat\/web\/wp-content\/uploads\/2025\/03\/ima-Logo-header-1.png","contentUrl":"https:\/\/www.plamarcell.cat\/web\/wp-content\/uploads\/2025\/03\/ima-Logo-header-1.png","width":1200,"height":700,"caption":"Institut Pla Marcell"},"image":{"@id":"https:\/\/www.plamarcell.cat\/web\/#\/schema\/logo\/image\/"},"sameAs":["https:\/\/www.instagram.com\/pla.marcell\/"]},{"@type":"Person","@id":"https:\/\/www.plamarcell.cat\/web\/#\/schema\/person\/6faa91fae89974b76b20b7702d1920da","name":"f1c2b02a1225","image":{"@type":"ImageObject","inLanguage":"ca","@id":"https:\/\/secure.gravatar.com\/avatar\/5b488f4f1a77d45180bbae5938ab699df692d0c9f43fa4ebd195ac2b5c4678bd?s=96&d=mm&r=g","url":"https:\/\/secure.gravatar.com\/avatar\/5b488f4f1a77d45180bbae5938ab699df692d0c9f43fa4ebd195ac2b5c4678bd?s=96&d=mm&r=g","contentUrl":"https:\/\/secure.gravatar.com\/avatar\/5b488f4f1a77d45180bbae5938ab699df692d0c9f43fa4ebd195ac2b5c4678bd?s=96&d=mm&r=g","caption":"f1c2b02a1225"},"sameAs":["http:\/\/plamarcell.com.mialias.net"],"url":"https:\/\/www.plamarcell.cat\/web\/author\/f1c2b02a1225\/"}]}},"jetpack_publicize_connections":[],"_links":{"self":[{"href":"https:\/\/www.plamarcell.cat\/web\/wp-json\/wp\/v2\/posts\/5620","targetHints":{"allow":["GET"]}}],"collection":[{"href":"https:\/\/www.plamarcell.cat\/web\/wp-json\/wp\/v2\/posts"}],"about":[{"href":"https:\/\/www.plamarcell.cat\/web\/wp-json\/wp\/v2\/types\/post"}],"author":[{"embeddable":true,"href":"https:\/\/www.plamarcell.cat\/web\/wp-json\/wp\/v2\/users\/1"}],"replies":[{"embeddable":true,"href":"https:\/\/www.plamarcell.cat\/web\/wp-json\/wp\/v2\/comments?post=5620"}],"version-history":[{"count":9,"href":"https:\/\/www.plamarcell.cat\/web\/wp-json\/wp\/v2\/posts\/5620\/revisions"}],"predecessor-version":[{"id":5635,"href":"https:\/\/www.plamarcell.cat\/web\/wp-json\/wp\/v2\/posts\/5620\/revisions\/5635"}],"wp:featuredmedia":[{"embeddable":true,"href":"https:\/\/www.plamarcell.cat\/web\/wp-json\/wp\/v2\/media\/5622"}],"wp:attachment":[{"href":"https:\/\/www.plamarcell.cat\/web\/wp-json\/wp\/v2\/media?parent=5620"}],"wp:term":[{"taxonomy":"category","embeddable":true,"href":"https:\/\/www.plamarcell.cat\/web\/wp-json\/wp\/v2\/categories?post=5620"},{"taxonomy":"post_tag","embeddable":true,"href":"https:\/\/www.plamarcell.cat\/web\/wp-json\/wp\/v2\/tags?post=5620"}],"curies":[{"name":"wp","href":"https:\/\/api.w.org\/{rel}","templated":true}]}}